{"id":7395,"date":"2025-02-09T13:32:00","date_gmt":"2025-02-09T12:32:00","guid":{"rendered":"https:\/\/escale-village.fr\/blog\/?p=7395"},"modified":"2025-02-08T11:37:13","modified_gmt":"2025-02-08T10:37:13","slug":"priere-et-voyage-une-quete-spirituelle-enrichissante","status":"publish","type":"post","link":"https:\/\/escale-village.fr\/blog\/a-la-une\/priere-et-voyage-une-quete-spirituelle-enrichissante\/","title":{"rendered":"Pri\u00e8re et voyage : une qu\u00eate spirituelle enrichissante"},"content":{"rendered":"<h2>Introduction : l\u2019union de la pri\u00e8re et des voyages<\/h2>\n<p>Pour beaucoup, le voyage repr\u00e9sente une qu\u00eate spirituelle, un moment de r\u00e9flexion et de connexion avec une dimension plus profonde de leur existence. Comment la pri\u00e8re s&rsquo;int\u00e8gre-t-elle dans cette exp\u00e9rience ? Comment peut-elle enrichir nos voyages et transformer notre perception du monde ?<\/p>\n<h2>La pri\u00e8re : un levier de paix int\u00e9rieure<\/h2>\n<p>La pri\u00e8re, au-del\u00e0 de ses connotations religieuses, constitue un puissant outil introspectif. Lorsqu&rsquo;on voyage, on se retrouve souvent confront\u00e9 \u00e0 des situations inattendues qui peuvent provoquer stress et d\u00e9sorientation. La pri\u00e8re permet de retrouver cet \u00e9quilibre. Elle offre un espace pour se recentrer et r\u00e9fl\u00e9chir.<\/p>\n<p>Des \u00e9tudes montrent que la m\u00e9ditation et la pri\u00e8re peuvent r\u00e9duire le stress et favoriser un sentiment de s\u00e9r\u00e9nit\u00e9. Ainsi, lors d&rsquo;un voyage, prendre quelques instants pour prier peut renforcer cette sensation de calme et aider \u00e0 appr\u00e9cier pleinement l\u2019exp\u00e9rience.<\/p>\n<h2>Les destinations spirituelles : un appel \u00e0 la pri\u00e8re<\/h2>\n<p>De nombreuses destinations \u00e0 travers le monde attirent les voyageurs en qu\u00eate de spiritualit\u00e9. Des lieux comme le Mont Saint-Michel en France, les temples d&rsquo;Angkor au Cambodge ou encore le Machu Picchu au P\u00e9rou ne sont pas seulement des merveilles architecturales, mais aussi des espaces propices \u00e0 la pri\u00e8re et \u00e0 la m\u00e9ditation.<img decoding=\"async\" width=\"1024\" height=\"576\" src=\"https:\/\/escale-village.fr\/blog\/wp-content\/uploads\/2025\/02\/stability-priere-et-voyage-une-quete-spirituelle-enrichissante-1.png\" class=\"aligncenter\" alt=\"Illustration d\u00e9taill\u00e9e sur Pri\u00e8re et voyage : une qu\u00eate spirituelle enrichissante\" title=\"Pri\u00e8re et voyage : une qu\u00eate spirituelle enrichissante\" loading=\"lazy\" \/><\/p>\n<p>Ces sites offrent une opportunit\u00e9 unique de se reconnecter \u00e0 soi-m\u00eame et \u00e0 son environnement. Par exemple, lors d&rsquo;une visite au Taj Mahal, les visiteurs peuvent ressentir une profonde s\u00e9r\u00e9nit\u00e9, propice \u00e0 la pri\u00e8re silencieuse ou \u00e0 la r\u00e9flexion spirituelle.<\/p>\n<h2>Pratiquer la pri\u00e8re en voyage : conseils pratiques<\/h2>\n<p>Pour ceux qui souhaitent int\u00e9grer la pri\u00e8re dans leurs voyages, voici quelques conseils pratiques :<\/p>\n<ul>\n<li><strong>Choisissez un moment propice :<\/strong> Que ce soit au lever du soleil ou lors d&rsquo;une pause dans la journ\u00e9e, trouvez un moment calme pour prier.<\/li>\n<li><strong>Cr\u00e9ez un espace sacr\u00e9 :<\/strong> M\u00eame dans une chambre d&rsquo;h\u00f4tel, vous pouvez am\u00e9nager un coin confortable pour vos moments de pri\u00e8re.<\/li>\n<li><strong>Utilisez des objets de m\u00e9ditation :<\/strong> Un chapelet ou un journal de voyage peut aider \u00e0 structurer votre pri\u00e8re.<\/li>\n<\/ul>\n<p>https:\/\/youtu.be\/2iQuG38N9Tk<\/p>\n<h2>Les bienfaits de la pri\u00e8re en voyage<\/h2>\n<p>Incorporer la pri\u00e8re dans vos voyages procure de nombreux bienfaits. Voici quelques impacts concrets :<\/p>\n<table>\n<tr>\n<th>Bienfait<\/th>\n<th>Description<\/th>\n<th>Exemple<\/th>\n<\/tr>\n<tr>\n<td><strong>S\u00e9r\u00e9nit\u00e9<\/strong><\/td>\n<td>R\u00e9duit l&rsquo;anxi\u00e9t\u00e9 et le stress.<\/td>\n<td>Prier avant un vol long-courrier.<\/td>\n<\/tr>\n<tr>\n<td><strong>Connexion<\/strong><\/td>\n<td>Favorise un lien spirituel avec votre environnement.<\/td>\n<td>Se recueillir devant un paysage majestueux.<\/td>\n<\/tr>\n<tr>\n<td><strong>R\u00e9flexion<\/strong><\/td>\n<td>Encourage l&rsquo;introspection sur votre parcours personnel.<\/td>\n<td>Ecrire dans un journal apr\u00e8s une pri\u00e8re.<\/td>\n<\/tr>\n<\/table>\n<h2>Conclusion : voyager avec une intention spirituelle<\/h2>\n<p>Voyager ne se limite pas \u00e0 se d\u00e9placer d&rsquo;un point A \u00e0 un point B. C&rsquo;est une occasion de se reconnecter \u00e0 soi-m\u00eame, de s&rsquo;ouvrir aux autres et de d\u00e9couvrir de nouvelles cultures. La pri\u00e8re, qu&rsquo;elle soit formelle ou informelle, peut enrichir cette exp\u00e9rience, apportant une dimension spirituelle qui d\u00e9passe le simple tourisme. En int\u00e9grant la pri\u00e8re dans vos voyages, vous cr\u00e9ez une opportunit\u00e9 d&rsquo;\u00e9panouissement personnel, de paix int\u00e9rieure et de connexion avec le monde qui vous entoure.<\/p>\n<h3>FAQ :<\/h3>\n<blockquote>\n<ul>\n<li><strong>Quel est le meilleur moment pour prier en voyage ?<\/strong>Il est id\u00e9al de prier au lever du soleil ou avant de dormir.<\/li>\n<li><strong>Peut-on prier dans des lieux publics ?<\/strong>Oui, tant que vous respectez l&rsquo;environnement et les croyances locales.<\/li>\n<li><strong>Comment int\u00e9grer la pri\u00e8re dans un voyage \u00e9clair ?<\/strong>Utilisez des moments de pause pour prier, m\u00eame bri\u00e8vement.<\/li>\n<li><strong>La pri\u00e8re est-elle b\u00e9n\u00e9fique pour tous ?<\/strong>Oui, elle peut apporter s\u00e9r\u00e9nit\u00e9 et r\u00e9flexion, quel que soit le contexte.<\/li>\n<\/ul>\n<\/blockquote>\n","protected":false},"excerpt":{"rendered":"","protected":false},"author":39,"featured_media":7396,"comment_status":"open","ping_status":"open","sticky":false,"template":"","format":"standard","meta":{"_acf_changed":false,"manual_indexmenow":false,"indexmenow_id_project":0,"footnotes":""},"categories":[1],"tags":[4605,4541,4542,4606,4543,4538],"class_list":["post-7395","post","type-post","status-publish","format-standard","has-post-thumbnail","hentry","category-a-la-une","tag-connexion","tag-meditation","tag-priere","tag-reflexion","tag-serenite","tag-voyage","generate-columns","tablet-grid-50","mobile-grid-100","grid-parent","grid-25"],"acf":[],"yoast_head":"<!-- This site is optimized with the Yoast SEO Premium plugin v21.3 (Yoast SEO v26.5) - https:\/\/yoast.com\/wordpress\/plugins\/seo\/ -->\n<title>Pri\u00e8re et voyage : une qu\u00eate spirituelle enrichissante<\/title>\n<meta name=\"description\" content=\"Introduction : l\u2019union de la pri\u00e8re et des voyages Pour beaucoup, le voyage repr\u00e9sente une qu\u00eate spirituelle, un moment de r\u00e9flexion et de connexion avec\" \/>\n<meta name=\"robots\" content=\"index, follow, max-snippet:-1, max-image-preview:large, max-video-preview:-1\" \/>\n<link rel=\"canonical\" href=\"https:\/\/escale-village.fr\/blog\/a-la-une\/priere-et-voyage-une-quete-spirituelle-enrichissante\/\" \/>\n<meta property=\"og:locale\" content=\"fr_FR\" \/>\n<meta property=\"og:type\" content=\"article\" \/>\n<meta property=\"og:title\" content=\"Pri\u00e8re et voyage : une qu\u00eate spirituelle enrichissante\" \/>\n<meta property=\"og:description\" content=\"Introduction : l\u2019union de la pri\u00e8re et des voyages Pour beaucoup, le voyage repr\u00e9sente une qu\u00eate spirituelle, un moment de r\u00e9flexion et de connexion avec\" \/>\n<meta property=\"og:url\" content=\"https:\/\/escale-village.fr\/blog\/a-la-une\/priere-et-voyage-une-quete-spirituelle-enrichissante\/\" \/>\n<meta property=\"og:site_name\" content=\"escale-village\" \/>\n<meta property=\"og:image\" content=\"https:\/\/escale-village.fr\/blog\/wp-content\/uploads\/2025\/02\/stability-priere-et-voyage-une-quete-spirituelle-enrichissante.png\" \/>\n\t<meta property=\"og:image:width\" content=\"1024\" \/>\n\t<meta property=\"og:image:height\" content=\"576\" \/>\n\t<meta property=\"og:image:type\" content=\"image\/png\" \/>\n<meta name=\"author\" content=\"Jean Dupont\" \/>\n<meta name=\"twitter:card\" content=\"summary_large_image\" \/>\n<script type=\"application\/ld+json\" class=\"yoast-schema-graph\">{\"@context\":\"https:\/\/schema.org\",\"@graph\":[{\"@type\":\"NewsArticle\",\"@id\":\"https:\/\/escale-village.fr\/blog\/a-la-une\/priere-et-voyage-une-quete-spirituelle-enrichissante\/#article\",\"isPartOf\":{\"@id\":\"https:\/\/escale-village.fr\/blog\/a-la-une\/priere-et-voyage-une-quete-spirituelle-enrichissante\/\"},\"author\":{\"name\":\"Jean Dupont\",\"@id\":\"https:\/\/escale-village.fr\/blog\/#\/schema\/person\/9edd59087ebcef7388b6cddc6aaab4e5\"},\"headline\":\"Pri\u00e8re et voyage : une qu\u00eate spirituelle enrichissante\",\"datePublished\":\"2025-02-09T12:32:00+00:00\",\"mainEntityOfPage\":{\"@id\":\"https:\/\/escale-village.fr\/blog\/a-la-une\/priere-et-voyage-une-quete-spirituelle-enrichissante\/\"},\"wordCount\":636,\"commentCount\":19,\"publisher\":{\"@id\":\"https:\/\/escale-village.fr\/blog\/#organization\"},\"image\":{\"@id\":\"https:\/\/escale-village.fr\/blog\/a-la-une\/priere-et-voyage-une-quete-spirituelle-enrichissante\/#primaryimage\"},\"thumbnailUrl\":\"https:\/\/escale-village.fr\/blog\/wp-content\/uploads\/2025\/02\/stability-priere-et-voyage-une-quete-spirituelle-enrichissante.png\",\"keywords\":[\"Connexion\",\"M\u00e9ditation\",\"Pri\u00e8re\",\"R\u00e9flexion\",\"S\u00e9r\u00e9nit\u00e9\",\"Voyage\"],\"articleSection\":[\"\u00c0 la une\"],\"inLanguage\":\"fr-FR\",\"potentialAction\":[{\"@type\":\"CommentAction\",\"name\":\"Comment\",\"target\":[\"https:\/\/escale-village.fr\/blog\/a-la-une\/priere-et-voyage-une-quete-spirituelle-enrichissante\/#respond\"]}]},{\"@type\":\"WebPage\",\"@id\":\"https:\/\/escale-village.fr\/blog\/a-la-une\/priere-et-voyage-une-quete-spirituelle-enrichissante\/\",\"url\":\"https:\/\/escale-village.fr\/blog\/a-la-une\/priere-et-voyage-une-quete-spirituelle-enrichissante\/\",\"name\":\"Pri\u00e8re et voyage : une qu\u00eate spirituelle enrichissante\",\"isPartOf\":{\"@id\":\"https:\/\/escale-village.fr\/blog\/#website\"},\"primaryImageOfPage\":{\"@id\":\"https:\/\/escale-village.fr\/blog\/a-la-une\/priere-et-voyage-une-quete-spirituelle-enrichissante\/#primaryimage\"},\"image\":{\"@id\":\"https:\/\/escale-village.fr\/blog\/a-la-une\/priere-et-voyage-une-quete-spirituelle-enrichissante\/#primaryimage\"},\"thumbnailUrl\":\"https:\/\/escale-village.fr\/blog\/wp-content\/uploads\/2025\/02\/stability-priere-et-voyage-une-quete-spirituelle-enrichissante.png\",\"datePublished\":\"2025-02-09T12:32:00+00:00\",\"description\":\"Introduction : l\u2019union de la pri\u00e8re et des voyages Pour beaucoup, le voyage repr\u00e9sente une qu\u00eate spirituelle, un moment de r\u00e9flexion et de connexion avec\",\"inLanguage\":\"fr-FR\",\"potentialAction\":[{\"@type\":\"ReadAction\",\"target\":[\"https:\/\/escale-village.fr\/blog\/a-la-une\/priere-et-voyage-une-quete-spirituelle-enrichissante\/\"]}]},{\"@type\":\"ImageObject\",\"inLanguage\":\"fr-FR\",\"@id\":\"https:\/\/escale-village.fr\/blog\/a-la-une\/priere-et-voyage-une-quete-spirituelle-enrichissante\/#primaryimage\",\"url\":\"https:\/\/escale-village.fr\/blog\/wp-content\/uploads\/2025\/02\/stability-priere-et-voyage-une-quete-spirituelle-enrichissante.png\",\"contentUrl\":\"https:\/\/escale-village.fr\/blog\/wp-content\/uploads\/2025\/02\/stability-priere-et-voyage-une-quete-spirituelle-enrichissante.png\",\"width\":1024,\"height\":576},{\"@type\":\"WebSite\",\"@id\":\"https:\/\/escale-village.fr\/blog\/#website\",\"url\":\"https:\/\/escale-village.fr\/blog\/\",\"name\":\"escale-village.fr\",\"description\":\"Escale Village, la pause authentique en campagne\",\"publisher\":{\"@id\":\"https:\/\/escale-village.fr\/blog\/#organization\"},\"alternateName\":\"Escale Village, la pause authentique en campagne\",\"potentialAction\":[{\"@type\":\"SearchAction\",\"target\":{\"@type\":\"EntryPoint\",\"urlTemplate\":\"https:\/\/escale-village.fr\/blog\/?s={search_term_string}\"},\"query-input\":{\"@type\":\"PropertyValueSpecification\",\"valueRequired\":true,\"valueName\":\"search_term_string\"}}],\"inLanguage\":\"fr-FR\"},{\"@type\":\"Organization\",\"@id\":\"https:\/\/escale-village.fr\/blog\/#organization\",\"name\":\"Foretsensations.fr\",\"url\":\"https:\/\/escale-village.fr\/blog\/\",\"logo\":{\"@type\":\"ImageObject\",\"inLanguage\":\"fr-FR\",\"@id\":\"https:\/\/escale-village.fr\/blog\/#\/schema\/logo\/image\/\",\"url\":\"https:\/\/escale-village.fr\/blog\/wp-content\/uploads\/2024\/12\/escale-village.png\",\"contentUrl\":\"https:\/\/escale-village.fr\/blog\/wp-content\/uploads\/2024\/12\/escale-village.png\",\"width\":500,\"height\":500,\"caption\":\"Foretsensations.fr\"},\"image\":{\"@id\":\"https:\/\/escale-village.fr\/blog\/#\/schema\/logo\/image\/\"}},{\"@type\":\"Person\",\"@id\":\"https:\/\/escale-village.fr\/blog\/#\/schema\/person\/9edd59087ebcef7388b6cddc6aaab4e5\",\"name\":\"Jean Dupont\",\"image\":{\"@type\":\"ImageObject\",\"inLanguage\":\"fr-FR\",\"@id\":\"https:\/\/escale-village.fr\/blog\/#\/schema\/person\/image\/\",\"url\":\"https:\/\/secure.gravatar.com\/avatar\/?s=96&d=mm&r=g\",\"contentUrl\":\"https:\/\/secure.gravatar.com\/avatar\/?s=96&d=mm&r=g\",\"caption\":\"Jean Dupont\"},\"description\":\"Jean est un passionn\u00e9 de voyages qui adore d\u00e9couvrir de nouveaux horizons.\",\"url\":\"https:\/\/escale-village.fr\/blog\/auteur\/jean-dupont\/\"}]}<\/script>\n<!-- \/ Yoast SEO Premium plugin. -->","yoast_head_json":{"title":"Pri\u00e8re et voyage : une qu\u00eate spirituelle enrichissante","description":"Introduction : l\u2019union de la pri\u00e8re et des voyages Pour beaucoup, le voyage repr\u00e9sente une qu\u00eate spirituelle, un moment de r\u00e9flexion et de connexion avec","robots":{"index":"index","follow":"follow","max-snippet":"max-snippet:-1","max-image-preview":"max-image-preview:large","max-video-preview":"max-video-preview:-1"},"canonical":"https:\/\/escale-village.fr\/blog\/a-la-une\/priere-et-voyage-une-quete-spirituelle-enrichissante\/","og_locale":"fr_FR","og_type":"article","og_title":"Pri\u00e8re et voyage : une qu\u00eate spirituelle enrichissante","og_description":"Introduction : l\u2019union de la pri\u00e8re et des voyages Pour beaucoup, le voyage repr\u00e9sente une qu\u00eate spirituelle, un moment de r\u00e9flexion et de connexion avec","og_url":"https:\/\/escale-village.fr\/blog\/a-la-une\/priere-et-voyage-une-quete-spirituelle-enrichissante\/","og_site_name":"escale-village","og_image":[{"width":1024,"height":576,"url":"https:\/\/escale-village.fr\/blog\/wp-content\/uploads\/2025\/02\/stability-priere-et-voyage-une-quete-spirituelle-enrichissante.png","type":"image\/png"}],"author":"Jean Dupont","twitter_card":"summary_large_image","schema":{"@context":"https:\/\/schema.org","@graph":[{"@type":"NewsArticle","@id":"https:\/\/escale-village.fr\/blog\/a-la-une\/priere-et-voyage-une-quete-spirituelle-enrichissante\/#article","isPartOf":{"@id":"https:\/\/escale-village.fr\/blog\/a-la-une\/priere-et-voyage-une-quete-spirituelle-enrichissante\/"},"author":{"name":"Jean Dupont","@id":"https:\/\/escale-village.fr\/blog\/#\/schema\/person\/9edd59087ebcef7388b6cddc6aaab4e5"},"headline":"Pri\u00e8re et voyage : une qu\u00eate spirituelle enrichissante","datePublished":"2025-02-09T12:32:00+00:00","mainEntityOfPage":{"@id":"https:\/\/escale-village.fr\/blog\/a-la-une\/priere-et-voyage-une-quete-spirituelle-enrichissante\/"},"wordCount":636,"commentCount":19,"publisher":{"@id":"https:\/\/escale-village.fr\/blog\/#organization"},"image":{"@id":"https:\/\/escale-village.fr\/blog\/a-la-une\/priere-et-voyage-une-quete-spirituelle-enrichissante\/#primaryimage"},"thumbnailUrl":"https:\/\/escale-village.fr\/blog\/wp-content\/uploads\/2025\/02\/stability-priere-et-voyage-une-quete-spirituelle-enrichissante.png","keywords":["Connexion","M\u00e9ditation","Pri\u00e8re","R\u00e9flexion","S\u00e9r\u00e9nit\u00e9","Voyage"],"articleSection":["\u00c0 la une"],"inLanguage":"fr-FR","potentialAction":[{"@type":"CommentAction","name":"Comment","target":["https:\/\/escale-village.fr\/blog\/a-la-une\/priere-et-voyage-une-quete-spirituelle-enrichissante\/#respond"]}]},{"@type":"WebPage","@id":"https:\/\/escale-village.fr\/blog\/a-la-une\/priere-et-voyage-une-quete-spirituelle-enrichissante\/","url":"https:\/\/escale-village.fr\/blog\/a-la-une\/priere-et-voyage-une-quete-spirituelle-enrichissante\/","name":"Pri\u00e8re et voyage : une qu\u00eate spirituelle enrichissante","isPartOf":{"@id":"https:\/\/escale-village.fr\/blog\/#website"},"primaryImageOfPage":{"@id":"https:\/\/escale-village.fr\/blog\/a-la-une\/priere-et-voyage-une-quete-spirituelle-enrichissante\/#primaryimage"},"image":{"@id":"https:\/\/escale-village.fr\/blog\/a-la-une\/priere-et-voyage-une-quete-spirituelle-enrichissante\/#primaryimage"},"thumbnailUrl":"https:\/\/escale-village.fr\/blog\/wp-content\/uploads\/2025\/02\/stability-priere-et-voyage-une-quete-spirituelle-enrichissante.png","datePublished":"2025-02-09T12:32:00+00:00","description":"Introduction : l\u2019union de la pri\u00e8re et des voyages Pour beaucoup, le voyage repr\u00e9sente une qu\u00eate spirituelle, un moment de r\u00e9flexion et de connexion avec","inLanguage":"fr-FR","potentialAction":[{"@type":"ReadAction","target":["https:\/\/escale-village.fr\/blog\/a-la-une\/priere-et-voyage-une-quete-spirituelle-enrichissante\/"]}]},{"@type":"ImageObject","inLanguage":"fr-FR","@id":"https:\/\/escale-village.fr\/blog\/a-la-une\/priere-et-voyage-une-quete-spirituelle-enrichissante\/#primaryimage","url":"https:\/\/escale-village.fr\/blog\/wp-content\/uploads\/2025\/02\/stability-priere-et-voyage-une-quete-spirituelle-enrichissante.png","contentUrl":"https:\/\/escale-village.fr\/blog\/wp-content\/uploads\/2025\/02\/stability-priere-et-voyage-une-quete-spirituelle-enrichissante.png","width":1024,"height":576},{"@type":"WebSite","@id":"https:\/\/escale-village.fr\/blog\/#website","url":"https:\/\/escale-village.fr\/blog\/","name":"escale-village.fr","description":"Escale Village, la pause authentique en campagne","publisher":{"@id":"https:\/\/escale-village.fr\/blog\/#organization"},"alternateName":"Escale Village, la pause authentique en campagne","potentialAction":[{"@type":"SearchAction","target":{"@type":"EntryPoint","urlTemplate":"https:\/\/escale-village.fr\/blog\/?s={search_term_string}"},"query-input":{"@type":"PropertyValueSpecification","valueRequired":true,"valueName":"search_term_string"}}],"inLanguage":"fr-FR"},{"@type":"Organization","@id":"https:\/\/escale-village.fr\/blog\/#organization","name":"Foretsensations.fr","url":"https:\/\/escale-village.fr\/blog\/","logo":{"@type":"ImageObject","inLanguage":"fr-FR","@id":"https:\/\/escale-village.fr\/blog\/#\/schema\/logo\/image\/","url":"https:\/\/escale-village.fr\/blog\/wp-content\/uploads\/2024\/12\/escale-village.png","contentUrl":"https:\/\/escale-village.fr\/blog\/wp-content\/uploads\/2024\/12\/escale-village.png","width":500,"height":500,"caption":"Foretsensations.fr"},"image":{"@id":"https:\/\/escale-village.fr\/blog\/#\/schema\/logo\/image\/"}},{"@type":"Person","@id":"https:\/\/escale-village.fr\/blog\/#\/schema\/person\/9edd59087ebcef7388b6cddc6aaab4e5","name":"Jean Dupont","image":{"@type":"ImageObject","inLanguage":"fr-FR","@id":"https:\/\/escale-village.fr\/blog\/#\/schema\/person\/image\/","url":"https:\/\/secure.gravatar.com\/avatar\/?s=96&d=mm&r=g","contentUrl":"https:\/\/secure.gravatar.com\/avatar\/?s=96&d=mm&r=g","caption":"Jean Dupont"},"description":"Jean est un passionn\u00e9 de voyages qui adore d\u00e9couvrir de nouveaux horizons.","url":"https:\/\/escale-village.fr\/blog\/auteur\/jean-dupont\/"}]}},"_links":{"self":[{"href":"https:\/\/escale-village.fr\/blog\/wp-json\/wp\/v2\/posts\/7395","targetHints":{"allow":["GET"]}}],"collection":[{"href":"https:\/\/escale-village.fr\/blog\/wp-json\/wp\/v2\/posts"}],"about":[{"href":"https:\/\/escale-village.fr\/blog\/wp-json\/wp\/v2\/types\/post"}],"author":[{"embeddable":true,"href":"https:\/\/escale-village.fr\/blog\/wp-json\/wp\/v2\/users\/39"}],"replies":[{"embeddable":true,"href":"https:\/\/escale-village.fr\/blog\/wp-json\/wp\/v2\/comments?post=7395"}],"version-history":[{"count":2,"href":"https:\/\/escale-village.fr\/blog\/wp-json\/wp\/v2\/posts\/7395\/revisions"}],"predecessor-version":[{"id":7490,"href":"https:\/\/escale-village.fr\/blog\/wp-json\/wp\/v2\/posts\/7395\/revisions\/7490"}],"wp:featuredmedia":[{"embeddable":true,"href":"https:\/\/escale-village.fr\/blog\/wp-json\/wp\/v2\/media\/7396"}],"wp:attachment":[{"href":"https:\/\/escale-village.fr\/blog\/wp-json\/wp\/v2\/media?parent=7395"}],"wp:term":[{"taxonomy":"category","embeddable":true,"href":"https:\/\/escale-village.fr\/blog\/wp-json\/wp\/v2\/categories?post=7395"},{"taxonomy":"post_tag","embeddable":true,"href":"https:\/\/escale-village.fr\/blog\/wp-json\/wp\/v2\/tags?post=7395"}],"curies":[{"name":"wp","href":"https:\/\/api.w.org\/{rel}","templated":true}]}}