{"id":7590,"date":"2026-02-26T09:04:00","date_gmt":"2026-02-26T08:04:00","guid":{"rendered":"https:\/\/escale-village.fr\/blog\/?p=7590"},"modified":"2026-02-26T09:04:00","modified_gmt":"2026-02-26T08:04:00","slug":"week-end-dans-le-morvan-decouvrez-le-plus-vaste-parc-naturel-regional-de-bourgogne","status":"publish","type":"post","link":"https:\/\/escale-village.fr\/blog\/activites-en-plein-air\/week-end-dans-le-morvan-decouvrez-le-plus-vaste-parc-naturel-regional-de-bourgogne\/","title":{"rendered":"Week-end dans le Morvan : d\u00e9couvrez le plus vaste parc naturel r\u00e9gional de Bourgogne"},"content":{"rendered":"<h1>Plan d\u2019Article D\u00e9taill\u00e9 : Un Week-end Inoubliable dans le Morvan<\/h1>\n<h2>D\u00e9couvrir le Parc Naturel R\u00e9gional du Morvan<\/h2>\n<p>Le <strong>Parc Naturel R\u00e9gional du Morvan<\/strong>, cr\u00e9\u00e9 en <strong>1970<\/strong>, couvre environ <u>281 400 hectares<\/u>, ce qui en fait le plus vaste parc naturel r\u00e9gional de <strong>Bourgogne-Franche-Comt\u00e9<\/strong>. Il s\u2019\u00e9tend sur quatre d\u00e9partements \u2013 <strong>Ni\u00e8vre<\/strong>, <strong>Sa\u00f4ne-et-Loire<\/strong>, <strong>Yonne<\/strong> et <strong>C\u00f4te-d\u2019Or<\/strong> \u2013 et constitue un v\u00e9ritable <u> poumon vert ? au centre de la Bourgogne<\/u>, avec des altitudes mod\u00e9r\u00e9es allant jusqu\u2019\u00e0 environ <strong>901 m\u00e8tres au Haut-Folin<\/strong>. La mosa\u00efque de <strong>for\u00eats de feuillus<\/strong> et de <strong>r\u00e9sineux<\/strong>, de bocages, de tourbi\u00e8res et de lacs de barrage offre une biodiversit\u00e9 remarquable, avec des esp\u00e8ces embl\u00e9matiques comme le <strong>cerf \u00e9laphe<\/strong>, la <strong>truite fario<\/strong> ou encore de nombreuses esp\u00e8ces de rapaces.<\/p>\n<p>Nous conseillons de d\u00e9buter un <strong>week-end dans le Morvan<\/strong> par la <strong>Maison du Parc<\/strong> \u00e0 <strong>Saint-Brisson<\/strong>, dans la <strong>Ni\u00e8vre<\/strong>. Ce site institutionnel, g\u00e9r\u00e9 par le syndicat mixte du Parc, propose un centre d\u2019interpr\u00e9tation complet : \u00e9tangs p\u00e9dagogiques, <strong>arboretum<\/strong>, <strong>herbularium<\/strong>, sentiers de d\u00e9couverte et espaces d\u2019exposition sur la <u>faune, la flore et l\u2019histoire paysag\u00e8re du massif<\/u>. C\u2019est un point de d\u00e9part rationnel pour comprendre comment les grands lacs de retenue \u2013 <strong>Panneci\u00e8re<\/strong>, <strong>Settons<\/strong>, <strong>Chaume\u00e7on<\/strong>, <strong>Saint-Agnan<\/strong>, <strong>Chamboux<\/strong> et <strong>Les Vieilles Forges<\/strong> c\u00f4t\u00e9 p\u00e9riph\u00e9rie \u2013 structurent l\u2019hydrologie du territoire depuis la construction des barrages au XIXe et XXe si\u00e8cles.<\/p>\n<ul>\n<li><strong>Superficie du Parc :<\/strong> <u>281 400 ha<\/u>, dont une large majorit\u00e9 de for\u00eats priv\u00e9es et communales<\/li>\n<li><strong>Lacs principaux :<\/strong> <strong>Settons<\/strong>, <strong>Panneci\u00e8re<\/strong>, <strong>Saint-Agnan<\/strong>, <strong>Chaume\u00e7on<\/strong>, <strong>Chamboux<\/strong>, <strong>Crescent<\/strong><\/li>\n<li><strong>Site d\u2019accueil majeur :<\/strong> <strong>Maison du Parc \u00e0 Saint-Brisson<\/strong> (expositions, jardins, sentiers)<\/li>\n<li><strong>R\u00f4le :<\/strong> conservation de la biodiversit\u00e9, d\u00e9veloppement rural, tourisme durable<\/li>\n<\/ul>\n<p>\u00c0 partir de cette introduction g\u00e9n\u00e9rale, nous pouvons orienter le s\u00e9jour vers des zones embl\u00e9matiques. Le secteur des <strong>lacs des Settons<\/strong> et de <strong>Panneci\u00e8re<\/strong> est id\u00e9al pour un premier contact avec les paysages d\u2019eau, tandis que la vall\u00e9e de la <strong>Cure<\/strong> et de la <strong>Yonne<\/strong>, entre <strong>Quarr\u00e9-les-Tombes<\/strong> et <strong>Avallon<\/strong>, offre une alternance de gorges, plateaux et villages m\u00e9di\u00e9vaux, parfaitement adapt\u00e9e \u00e0 un itin\u00e9raire de deux jours.<\/p>\n<h2>Activit\u00e9s en plein air \u00e0 ne pas manquer<\/h2>\n<p>Un <strong>week-end dans le Morvan<\/strong> prend tout son sens lorsque l\u2019on profite \u00e0 fond des <strong>activit\u00e9s de plein air<\/strong>. Le massif est travers\u00e9 par plusieurs grands itin\u00e9raires comme la <strong>Grande Travers\u00e9e du Massif Central \u00e0 VTT (GTMC)<\/strong> et le sentier <strong>GR13<\/strong>, ce qui garantit un balisage de qualit\u00e9 pour la randonn\u00e9e p\u00e9destre et le v\u00e9lo. Les donn\u00e9es compil\u00e9es par les comit\u00e9s d\u00e9partementaux du tourisme indiquent une progression constante de la fr\u00e9quentation des sentiers et des bases nautiques, avec une hausse \u00e9valu\u00e9e entre <u>10 et 20 % sur certains sites de lacs depuis la fin des ann\u00e9es 2010<\/u>.<\/p>\n<p>Pour un <u>jour 1<\/u> dynamique, nous recommandons un encha\u00eenement tr\u00e8s lisible :<\/p>\n<ul>\n<li><strong>Parc aux Daims de Quarr\u00e9-les-Tombes<\/strong> (d\u00e9partement de l\u2019<strong>Yonne<\/strong>) : accessible apr\u00e8s environ <u>5 minutes de marche<\/u> depuis le parking, ce site forestier permet d\u2019observer des daims en semi-libert\u00e9, dans un environnement calme, id\u00e9al pour les familles.<\/li>\n<li><strong>Saut du Gouloux<\/strong> : cette cascade d\u2019environ <u>10 m\u00e8tres de hauteur<\/u>, situ\u00e9e dans la <strong>Ni\u00e8vre<\/strong>, se rejoint par un sentier en boucle. Deux variantes existent, une courte d\u2019environ 15 minutes aller-retour et une plus longue d\u2019environ 45 \u00e0 60 minutes, ponctu\u00e9e de panneaux d\u2019interpr\u00e9tation et des ruines d\u2019anciens moulins hydrauliques.<\/li>\n<li><strong>Lac des Settons<\/strong> : ce lac de barrage d\u2019environ <u>360 hectares<\/u>, mis en eau au XIXe si\u00e8cle, est aujourd\u2019hui la base nautique la plus fr\u00e9quent\u00e9e du territoire, avec cano?-kayak, voiliers l\u00e9gers, bateaux \u00e9lectriques, location de <strong>stand-up paddle<\/strong> \u00e0 la <strong>base Marcel Lucotte<\/strong>, et sentier p\u00e9destre complet de 14 km en rive.<\/li>\n<\/ul>\n<p>Pour les amateurs de sensations plus marqu\u00e9es, le <strong>lac de Chamboux<\/strong>, mis en service autour de <strong>1984<\/strong>, s\u2019est impos\u00e9 comme un terrain id\u00e9al pour la <strong>trottinette \u00e9lectrique tout-terrain<\/strong> et le <strong>VTT<\/strong>, avec des prestataires sp\u00e9cialis\u00e9s qui op\u00e8rent au d\u00e9part des villages de <strong>Saulieu<\/strong> et de <strong>Saint-Martin-de-la-Mer<\/strong>. Sur les rivi\u00e8res <strong>Cure<\/strong> et <strong>Chalaux<\/strong>, plusieurs structures comme des bases affili\u00e9es \u00e0 la <strong>F\u00e9d\u00e9ration Fran\u00e7aise de Cano?-Kayak (FFCK)<\/strong> organisent du <strong>rafting<\/strong>, de l\u2019<strong>hydrospeed<\/strong> et du <strong>kayak d\u2019eau vive<\/strong> de mars \u00e0 octobre, lorsque les d\u00e9bits le permettent. Ces prestations encadr\u00e9es, souvent limit\u00e9es \u00e0 des groupes de 6 \u00e0 8 personnes par moniteur, s\u2019inscrivent pleinement dans une logique de <u>tourisme sportif et durable<\/u>.<\/p>\n<ul>\n<li><strong>Activit\u00e9s  douces ? :<\/strong> balades familiales autour du <strong>lac des Settons<\/strong>, sentier du <strong>Saut du Gouloux<\/strong>, observation de la faune au <strong>Parc aux Daims<\/strong><\/li>\n<li><strong>Sports nautiques :<\/strong> paddle, cano?, kayak, voile l\u00e9g\u00e8re au <strong>lac des Settons<\/strong> (base <strong>Marcel Lucotte<\/strong>, plan d\u2019eau d\u2019environ <u>100 ha equip\u00e9s<\/u>)<\/li>\n<li><strong>Outdoor engag\u00e9 :<\/strong> trottinettes \u00e9lectriques au <strong>lac de Chamboux<\/strong>, rafting sur la <strong>Cure<\/strong> et la <strong>Chalaux<\/strong><\/li>\n<li><strong>Tendance :<\/strong> hausse continue de la fr\u00e9quentation des lacs sur la p\u00e9riode <u>2015\u20132023<\/u>, port\u00e9e par la demande de nature et d\u2019activit\u00e9s  vertes ?<\/li>\n<\/ul>\n<h2>Villages pittoresques \u00e0 explorer<\/h2>\n<p>Un <strong>week-end dans le Morvan<\/strong> se joue aussi dans les villages, o\u00f9 l\u2019on mesure la profondeur historique du territoire. Le bourg le plus embl\u00e9matique reste <strong>V\u00e9zelay<\/strong>, dans l\u2019<strong>Yonne<\/strong>, perch\u00e9 sur une colline qui domine les vall\u00e9es environnantes. La <strong>basilique Sainte-Marie-Madeleine de V\u00e9zelay<\/strong>, class\u00e9e au <strong>Patrimoine mondial de l\u2019UNESCO<\/strong> depuis <u>1979<\/u>, attire chaque ann\u00e9e plusieurs centaines de milliers de visiteurs, avec une fr\u00e9quentation en hausse sensible depuis les ann\u00e9es 2010 gr\u00e2ce \u00e0 la mise en avant des chemins de <strong>Saint-Jacques-de-Compostelle<\/strong>. Depuis l\u2019esplanade situ\u00e9e derri\u00e8re l\u2019\u00e9difice, nous profitons d\u2019un panorama \u00e0 180? sur les premi\u00e8res collines du <strong>Morvan<\/strong>, qui justifie largement un passage matinal pour le lever de soleil.<\/p>\n<p>Plus au sud, <strong>Ch\u00e2teau-Chinon<\/strong>, dans la <strong>Ni\u00e8vre<\/strong>, s\u2019est rendue c\u00e9l\u00e8bre comme fief politique de <strong>Fran\u00e7ois Mitterrand, pr\u00e9sident de la R\u00e9publique fran\u00e7aise<\/strong> entre <strong>1981 et 1995<\/strong>. La ville abrite aujourd\u2019hui l\u2019<strong>Espace Fran\u00e7ois Mitterrand<\/strong> et un <strong>mus\u00e9e du Septennat<\/strong>, mais surtout un point de vue remarquable : le <u>Panorama du Calvaire<\/u>, qui domine la vall\u00e9e du Morvan et offre une vue \u00e0 360?. La mont\u00e9e, courte mais raide, r\u00e9compense les randonneurs avec une table d\u2019orientation pr\u00e9cise et une compr\u00e9hension visuelle du relief morvandiau.<\/p>\n<ul>\n<li><strong>V\u00e9zelay (Yonne)<\/strong> : basilique <strong>Sainte-Marie-Madeleine<\/strong> class\u00e9e <strong>UNESCO<\/strong>, point de d\u00e9part des chemins de <strong>Saint-Jacques<\/strong>, forte hausse de la fr\u00e9quentation touristique depuis les ann\u00e9es <u>2010<\/u>.<\/li>\n<li><strong>Avallon (Yonne)<\/strong> : circuit de la <u> grenouille d\u2019Avallon ?<\/u>, 26 \u00e9tapes pour un parcours d\u2019environ 2 heures dans le centre m\u00e9di\u00e9val, incluant l\u2019<strong>\u00e9glise Saint-Romain<\/strong>, la <strong>Maison des Sires de Domecy<\/strong>, le <strong>mus\u00e9e de l\u2019Avallonnais<\/strong> et le <strong>mus\u00e9e du Costume<\/strong>.<\/li>\n<li><strong>Bazoches (Ni\u00e8vre)<\/strong> : ch\u00e2teau de <strong>Bazoches<\/strong>, ancienne demeure de <strong>S\u00e9bastien Le Prestre de Vauban<\/strong>, mar\u00e9chal de France sous <strong>Louis XIV<\/strong>, point cl\u00e9 pour comprendre l\u2019histoire militaire fran\u00e7aise.<\/li>\n<li><strong>Lormes (Ni\u00e8vre)<\/strong> : acc\u00e8s au <strong>Mont de la Justice<\/strong>, belv\u00e9d\u00e8re naturel sur les collines bois\u00e9es et porte d\u2019acc\u00e8s vers le <strong>lac de Chaume\u00e7on<\/strong>.<\/li>\n<\/ul>\n<p>Nous recommandons de structurer une demi-journ\u00e9e sur un circuit  traces historiques ? articul\u00e9 entre <strong>V\u00e9zelay<\/strong>, <strong>Avallon<\/strong> et <strong>Bazoches<\/strong>. Les march\u00e9s hebdomadaires de ces bourgs \u2013 notamment \u00e0 <strong>V\u00e9zelay<\/strong> et \u00e0 <strong>Ch\u00e2teau-Chinon<\/strong> \u2013 permettent un contact direct avec les producteurs de fromages, de charcuterie et de miels du <strong>Morvan<\/strong>, tout en offrant une respiration urbaine dans un week-end orient\u00e9 nature.<\/p>\n<h2>Histoire et patrimoine culturel du Morvan<\/h2>\n<p>Le <strong>Morvan<\/strong> se distingue par une couche historique tr\u00e8s dense, qui s\u2019\u00e9tale sur plus de <u>2 000 ans<\/u>. Sur le plan arch\u00e9ologique, le site majeur reste <strong>Bibracte<\/strong>, ancienne capitale du peuple gaulois des <strong>\u00c9duens<\/strong>, install\u00e9e sur le <strong>mont Beuvray<\/strong>, \u00e0 environ <strong>821 m\u00e8tres d\u2019altitude<\/strong>, \u00e0 la fronti\u00e8re entre <strong>Ni\u00e8vre<\/strong> et <strong>Sa\u00f4ne-et-Loire<\/strong>. Ce <u> chantier-\u00e9cole ? europ\u00e9en<\/u> est aujourd\u2019hui consid\u00e9r\u00e9 comme l\u2019un des plus grands sites d\u2019arch\u00e9ologie celtique d\u2019<strong>Europe occidentale<\/strong>. Les recherches montrent qu\u2019\u00e0 son apog\u00e9e, autour du I\u1d49\u02b3 si\u00e8cle avant notre \u00e8re, la ville a pu compter jusqu\u2019\u00e0 <u>10 000 habitants<\/u>.<\/p>\n<p>Le <strong>Mus\u00e9e de Bibracte<\/strong>, inaugur\u00e9 en <strong>1996<\/strong>, est un \u00e9quipement culturel de r\u00e9f\u00e9rence. Il pr\u00e9sente des collections issues des fouilles men\u00e9es par des \u00e9quipes fran\u00e7aises, allemandes, autrichiennes et autres, dans le cadre de programmes soutenus par le <strong>Minist\u00e8re de la Culture<\/strong> et le <strong>Centre National de la Recherche Scientifique (CNRS)<\/strong>. Nous pouvons acc\u00e9der au site soit \u00e0 pied depuis les parkings de <strong>Glux-en-Glenne<\/strong>, soit \u00e0 cheval avec des centres \u00e9questres labellis\u00e9s, ce qui offre une approche originale du paysage et renforce la dimension de <u>voyage dans le temps<\/u>.<\/p>\n<ul>\n<li><strong>Bibracte \u2013 Mont Beuvray<\/strong> : ancienne capitale gauloise, jusqu\u2019\u00e0 <u>10 000 habitants antiques<\/u>, mus\u00e9e de la civilisation celtique, grand chantier arch\u00e9ologique europ\u00e9en.<\/li>\n<li><strong>Saut du Gouloux<\/strong> : ruines de moulins \u00e0 eau qui rappellent l\u2019intense activit\u00e9 meuni\u00e8re et foresti\u00e8re des XIXe et d\u00e9but XXe si\u00e8cles, li\u00e9e \u00e0 l\u2019exportation de bois vers <strong>Paris<\/strong>.<\/li>\n<li><strong>Mus\u00e9e de la R\u00e9sistance \u00e0 Ch\u00e2teau-Chinon<\/strong> : institution retra\u00e7ant le r\u00f4le du <strong>Morvan<\/strong> comme maquis important pendant la <strong>Seconde Guerre mondiale<\/strong>, avec une sc\u00e9nographie ax\u00e9e sur les maquisards et la r\u00e9pression allemande.<\/li>\n<li><strong>Espace Fran\u00e7ois Mitterrand<\/strong> : rappel de l\u2019ancrage de l\u2019ancien pr\u00e9sident de la R\u00e9publique \u00e0 <strong>Ch\u00e2teau-Chinon<\/strong> et mise en perspective de son r\u00f4le dans la d\u00e9centralisation initi\u00e9e en <u>1982\u20131983<\/u>.<\/li>\n<\/ul>\n<p>Nous pouvons relier ce patrimoine \u00e0 celui de <strong>V\u00e9zelay<\/strong>, class\u00e9e <u>UNESCO depuis 1979<\/u> pour sa basilique romane exceptionnelle et son r\u00f4le de haut lieu de p\u00e8lerinage m\u00e9di\u00e9val. Les mus\u00e9es du <strong>Morvan<\/strong> \u2013 qu\u2019il s\u2019agisse des mus\u00e9es de l\u2019<strong>Avallonnais<\/strong>, du <strong>Septennat<\/strong> ou du mus\u00e9e de la <strong>R\u00e9sistance<\/strong> \u2013 connaissent une fr\u00e9quentation en progression mod\u00e9r\u00e9e mais r\u00e9guli\u00e8re, suivant la tendance nationale de red\u00e9couverte des sites patrimoniaux de proximit\u00e9 apr\u00e8s les ann\u00e9es <strong>2020\u20132021<\/strong>.<\/p>\n<h2>Gastronomie et sp\u00e9cialit\u00e9s locales<\/h2>\n<p>Un <strong>week-end dans le Morvan<\/strong> ne serait pas complet sans une incursion s\u00e9rieuse dans la <strong>gastronomie bourguignonne<\/strong> et les produits de terroir. Les lacs, en particulier le <strong>lac des Settons<\/strong> et le <strong>lac de Chamboux<\/strong>, se pr\u00eatent bien \u00e0 des <u>pique-niques structur\u00e9s \u00e0 base de produits locaux<\/u>. Les march\u00e9s hebdomadaires de <strong>V\u00e9zelay<\/strong>, <strong>Ch\u00e2teau-Chinon<\/strong>, <strong>Corbigny<\/strong> ou <strong>Saulieu<\/strong> permettent d\u2019acheter : charcuteries fum\u00e9es morvandelles, fromages de vache et de ch\u00e8vre, miels de for\u00eats, confitures artisanales \u00e0 base de fruits rouges ou de myrtilles, mais aussi pain au levain de fours communaux remis en activit\u00e9 par des associations rurales.<\/p>\n<p>Nous constatons que la mont\u00e9e en puissance du <strong>tourisme de terroir<\/strong> se traduit par une hausse des ventes directes \u00e0 la ferme et sur les march\u00e9s, avec des chiffres avanc\u00e9s par les chambres d\u2019agriculture r\u00e9gionales \u00e9voquant des augmentations de <u>15 \u00e0 25 % du chiffre d\u2019affaires en circuits courts entre 2018 et 2023<\/u>. Les restaurants autour des lacs et dans les villages principaux valorisent cette production, en la combinant avec les grands classiques des <strong>vins de Bourgogne<\/strong> issus de r\u00e9gions voisines comme la <strong>C\u00f4te de Nuits<\/strong>, la <strong>C\u00f4te de Beaune<\/strong> ou le <strong>Chablisien<\/strong>.<\/p>\n<ul>\n<li><strong>Produits du terroir :<\/strong> charcuterie du <strong>Morvan<\/strong>, fromages fermiers, miel de for\u00eat, confitures artisanales, pain de campagne.<\/li>\n<li><strong>Vins :<\/strong> appellations <strong>Chablis<\/strong>, <strong>Irancy<\/strong>, <strong>Bourgogne rouge et blanc<\/strong>, souvent servies dans les bistrots de <strong>V\u00e9zelay<\/strong>, <strong>Avallon<\/strong> et <strong>Ch\u00e2teau-Chinon<\/strong>.<\/li>\n<li><strong>Tables remarquables :<\/strong> auberges \u00e0 <strong>Saint-Agnan<\/strong> proposant poissons de lac et viandes locales, restaurants en bord de <strong>lac des Settons<\/strong> avec terrasses panoramiques.<\/li>\n<li><strong>Labels :<\/strong> pr\u00e9sence de produits sous signes officiels de qualit\u00e9 comme les <strong>AOP<\/strong> et <strong>IGP<\/strong> bourguignonnes (fromages, vins, moutardes, etc.).<\/li>\n<\/ul>\n<p>Nous conseillons de pr\u00e9voir, sur un week-end, au moins un repas en auberge \u00e0 <strong>Saint-Agnan<\/strong> ou <strong>Ouroux-en-Morvan<\/strong>, et un pique-nique complet en bord de <strong>lac des Settons<\/strong>. Cette articulation entre table gastronomique et repas au bord de l\u2019eau refl\u00e8te bien la philosophie d\u2019un s\u00e9jour qui associe confort, authenticit\u00e9 et immersion nature.<\/p>\n<h2>Conseils pratiques pour un week-end r\u00e9ussi<\/h2>\n<p>Pour optimiser un <strong>week-end dans le Morvan<\/strong>, un itin\u00e9raire pr\u00e9cis sur deux jours reste la meilleure option. En voiture, les distances restent raisonnables : la liaison <strong>V\u00e9zelay \u2013 lac des Settons<\/strong> se fait en environ <u>30 \u00e0 40 minutes<\/u> selon l\u2019itin\u00e9raire choisi, tandis que le trajet <strong>lac des Settons \u2013 Bibracte (mont Beuvray)<\/strong> demande en g\u00e9n\u00e9ral entre <u>1 h et 1 h 15<\/u>. Nous proposons un sch\u00e9ma coh\u00e9rent :<\/p>\n<ul>\n<li><strong>Jour 1 :<\/strong> matin\u00e9e \u00e0 <strong>V\u00e9zelay<\/strong> (basilique et panorama), puis route vers <strong>Quarr\u00e9-les-Tombes<\/strong> pour le <strong>Parc aux Daims<\/strong>, avant une randonn\u00e9e au <strong>Saut du Gouloux<\/strong>. Fin de journ\u00e9e possible au <strong>lac des Settons<\/strong> pour un paddle ou une balade au coucher du soleil.<\/li>\n<li><strong>Jour 2 :<\/strong> tour des lacs avec <strong>Saint-Agnan<\/strong>, <strong>Settons<\/strong> et <strong>Panneci\u00e8re<\/strong>, panorama depuis le <strong>Calvaire de Ch\u00e2teau-Chinon<\/strong>, puis mont\u00e9e au <strong>mont Beuvray<\/strong> et visite de <strong>Bibracte<\/strong>. Coucher de soleil tr\u00e8s photog\u00e9nique possible depuis les rochers d\u2019<strong>Uchon<\/strong>, au sud du massif.<\/li>\n<\/ul>\n<p>Pour ce type de s\u00e9jour, la <u>voiture personnelle reste le moyen le plus souple<\/u>, m\u00eame si des liaisons ferroviaires existent vers <strong>Avallon<\/strong>, <strong>Autun<\/strong> ou <strong>Corbigny<\/strong>. Les cyclistes exp\u00e9riment\u00e9s peuvent opter pour un <strong>gravel bike<\/strong> ou un <strong>VTT<\/strong>, en s\u2019appuyant sur des itin\u00e9raires balis\u00e9s comme la <strong>GTMC<\/strong> ou des boucles locales am\u00e9nag\u00e9es par les communaut\u00e9s de communes. C\u00f4t\u00e9 h\u00e9bergement, l\u2019offre va de l\u2019<strong>h\u00f4tellerie familiale<\/strong> aux <strong>cabanes sur pilotis<\/strong> au bord de l\u2019eau, en passant par les <strong>g\u00eetes ruraux<\/strong> et quelques h\u00e9bergements insolites (yourtes, roulottes, tiny houses) autour des lacs.<\/p>\n<ul>\n<li><strong>P\u00e9riode id\u00e9ale :<\/strong> printemps et automne pour b\u00e9n\u00e9ficier de temp\u00e9ratures mod\u00e9r\u00e9es, de couleurs de paysages marqu\u00e9es et d\u2019une fr\u00e9quentation plus faible qu\u2019en \u00e9t\u00e9.<\/li>\n<li><strong>Transport :<\/strong> voiture recommand\u00e9e ; acc\u00e8s en train possible jusqu\u2019\u00e0 <strong>Avallon<\/strong> ou <strong>Autun<\/strong>, puis location de v\u00e9hicule ou v\u00e9lo.<\/li>\n<li><strong>H\u00e9bergements :<\/strong> campings au <strong>lac des Settons<\/strong>, g\u00eetes pr\u00e8s de <strong>Saint-Agnan<\/strong>, chambres d\u2019h\u00f4tes vers <strong>V\u00e9zelay<\/strong>, h\u00e9bergements insolites pr\u00e8s des lacs.<\/li>\n<li><strong>\u00c9quipement :<\/strong> bonnes chaussures de marche, v\u00eatements de pluie l\u00e9gers, maillot de bain, carte IGN ou application GPS de randonn\u00e9e, r\u00e9serve d\u2019eau suffisante.<\/li>\n<\/ul>\n<p>\u00c0 notre avis, l\u2019\u00e9quilibre id\u00e9al sur deux jours consiste \u00e0 consacrer environ <u>60 % du temps \u00e0 la nature (lacs, for\u00eats, points de vue)<\/u> et <u>40 % \u00e0 la culture (V\u00e9zelay, Bibracte, mus\u00e9es et march\u00e9s)<\/u>. Cette r\u00e9partition permet de rentrer avec la sensation d\u2019un s\u00e9jour complet, sans se limiter \u00e0 une seule facette du <strong>Morvan<\/strong>. Une planification minimale en amont \u2013 notamment pour les h\u00e9bergements et certaines activit\u00e9s nautiques en haute saison \u2013 garantit un voyage fluide.<\/p>\n<h2>Pourquoi choisir un week-end dans le Morvan ?<\/h2>\n<p>Opter pour un <strong>week-end dans le Morvan<\/strong>, c\u2019est choisir un territoire o\u00f9 <u>lacs, for\u00eats, histoire celte et patrimoine m\u00e9di\u00e9val<\/u> se tiennent dans un p\u00e9rim\u00e8tre concentr\u00e9. En moins de 48 heures, nous pouvons admirer la <strong>basilique de V\u00e9zelay<\/strong> inscrite \u00e0 l\u2019<strong>UNESCO<\/strong>, marcher dans les rues m\u00e9di\u00e9vales d\u2019<strong>Avallon<\/strong>, suivre le grondement de la cascade du <strong>Saut du Gouloux<\/strong>, pagayer sur le <strong>lac des Settons<\/strong> et fouler le sol de l\u2019ancienne capitale gauloise <strong>Bibracte<\/strong>. Peu de destinations fran\u00e7aises offrent une telle densit\u00e9 de sites dans un rayon aussi restreint.<\/p>\n<p>Nous y voyons une destination pertinente pour les couples, les familles et les groupes d\u2019amis qui recherchent un s\u00e9jour <strong>authentique, abordable et d\u00e9paysant<\/strong>. Les statistiques de fr\u00e9quentation des grands lacs, en progression constante depuis la fin des ann\u00e9es 2010, confirment que le <strong>Morvan<\/strong> s\u2019affirme comme une alternative cr\u00e9dible aux zones de montagne plus connues, souvent satur\u00e9es en haute saison. Notre avis est clair : pour un court s\u00e9jour m\u00ealant <strong>randonn\u00e9e, activit\u00e9s nautiques, patrimoine et gastronomie<\/strong>, un week-end dans le Morvan figure aujourd\u2019hui parmi les choix les plus pertinents en <strong>France m\u00e9tropolitaine<\/strong>. Il suffit d\u00e9sormais de r\u00e9server h\u00e9bergements et quelques activit\u00e9s cl\u00e9s, et de se laisser porter par ce massif discret, qui r\u00e9v\u00e8le sa richesse \u00e0 ceux qui prennent le temps de l\u2019arpenter.<\/p>\n<ul>\n<li><strong>Atouts principaux :<\/strong> lacs nombreux, paysages bois\u00e9s, patrimoine celte et m\u00e9di\u00e9val, produits du terroir.<\/li>\n<li><strong>Public vis\u00e9 :<\/strong> voyageurs en qu\u00eate de nature, familles, amateurs d\u2019histoire, sportifs outdoor.<\/li>\n<li><strong>Argument cl\u00e9 :<\/strong> forte densit\u00e9 de sites de qualit\u00e9 sur un temps court, avec une ambiance de <u> retour \u00e0 la nature authentique ?<\/u>.<\/li>\n<\/ul>\n","protected":false},"excerpt":{"rendered":"","protected":false},"author":1,"featured_media":7592,"comment_status":"open","ping_status":"open","sticky":false,"template":"","format":"standard","meta":{"_acf_changed":false,"manual_indexmenow":false,"indexmenow_id_project":0,"footnotes":""},"categories":[4525],"tags":[4721],"class_list":["post-7590","post","type-post","status-publish","format-standard","has-post-thumbnail","hentry","category-activites-en-plein-air","tag-morvan-parc-naturel-week-end","generate-columns","tablet-grid-50","mobile-grid-100","grid-parent","grid-25"],"acf":[],"yoast_head":"<!-- This site is optimized with the Yoast SEO Premium plugin v21.3 (Yoast SEO v26.5) - https:\/\/yoast.com\/wordpress\/plugins\/seo\/ -->\n<title>Week-end dans le Morvan : d\u00e9couvrez le plus vaste parc naturel r\u00e9gional de Bourgogne<\/title>\n<meta name=\"description\" content=\"Plan d\u2019Article D\u00e9taill\u00e9 : Un Week-end Inoubliable dans le MorvanD\u00e9couvrir le Parc Naturel R\u00e9gional du Morvan Le Parc Naturel R\u00e9gional du Morvan, cr\u00e9\u00e9 en\" \/>\n<meta name=\"robots\" content=\"index, follow, max-snippet:-1, max-image-preview:large, max-video-preview:-1\" \/>\n<link rel=\"canonical\" href=\"https:\/\/escale-village.fr\/blog\/activites-en-plein-air\/week-end-dans-le-morvan-decouvrez-le-plus-vaste-parc-naturel-regional-de-bourgogne\/\" \/>\n<meta property=\"og:locale\" content=\"fr_FR\" \/>\n<meta property=\"og:type\" content=\"article\" \/>\n<meta property=\"og:title\" content=\"Week-end dans le Morvan : d\u00e9couvrez le plus vaste parc naturel r\u00e9gional de Bourgogne\" \/>\n<meta property=\"og:description\" content=\"Plan d\u2019Article D\u00e9taill\u00e9 : Un Week-end Inoubliable dans le MorvanD\u00e9couvrir le Parc Naturel R\u00e9gional du Morvan Le Parc Naturel R\u00e9gional du Morvan, cr\u00e9\u00e9 en\" \/>\n<meta property=\"og:url\" content=\"https:\/\/escale-village.fr\/blog\/activites-en-plein-air\/week-end-dans-le-morvan-decouvrez-le-plus-vaste-parc-naturel-regional-de-bourgogne\/\" \/>\n<meta property=\"og:site_name\" content=\"escale-village\" \/>\n<meta property=\"og:image\" content=\"https:\/\/escale-village.fr\/blog\/wp-content\/uploads\/2025\/12\/pag-image-69415f68ce96f-scaled.png\" \/>\n\t<meta property=\"og:image:width\" content=\"1200\" \/>\n\t<meta property=\"og:image:height\" content=\"686\" \/>\n\t<meta property=\"og:image:type\" content=\"image\/png\" \/>\n<meta name=\"twitter:card\" content=\"summary_large_image\" \/>\n<script type=\"application\/ld+json\" class=\"yoast-schema-graph\">{\"@context\":\"https:\/\/schema.org\",\"@graph\":[{\"@type\":\"NewsArticle\",\"@id\":\"https:\/\/escale-village.fr\/blog\/activites-en-plein-air\/week-end-dans-le-morvan-decouvrez-le-plus-vaste-parc-naturel-regional-de-bourgogne\/#article\",\"isPartOf\":{\"@id\":\"https:\/\/escale-village.fr\/blog\/activites-en-plein-air\/week-end-dans-le-morvan-decouvrez-le-plus-vaste-parc-naturel-regional-de-bourgogne\/\"},\"author\":{\"name\":\"\",\"@id\":\"\"},\"headline\":\"Week-end dans le Morvan : d\u00e9couvrez le plus vaste parc naturel r\u00e9gional de Bourgogne\",\"datePublished\":\"2026-02-26T08:04:00+00:00\",\"mainEntityOfPage\":{\"@id\":\"https:\/\/escale-village.fr\/blog\/activites-en-plein-air\/week-end-dans-le-morvan-decouvrez-le-plus-vaste-parc-naturel-regional-de-bourgogne\/\"},\"wordCount\":2773,\"commentCount\":0,\"publisher\":{\"@id\":\"https:\/\/escale-village.fr\/blog\/#organization\"},\"image\":{\"@id\":\"https:\/\/escale-village.fr\/blog\/activites-en-plein-air\/week-end-dans-le-morvan-decouvrez-le-plus-vaste-parc-naturel-regional-de-bourgogne\/#primaryimage\"},\"thumbnailUrl\":\"https:\/\/escale-village.fr\/blog\/wp-content\/uploads\/2025\/12\/pag-image-69415f68ce96f-scaled.png\",\"keywords\":[\"morvan parc naturel week end\"],\"articleSection\":[\"Activit\u00e9s en plein air\"],\"inLanguage\":\"fr-FR\",\"potentialAction\":[{\"@type\":\"CommentAction\",\"name\":\"Comment\",\"target\":[\"https:\/\/escale-village.fr\/blog\/activites-en-plein-air\/week-end-dans-le-morvan-decouvrez-le-plus-vaste-parc-naturel-regional-de-bourgogne\/#respond\"]}]},{\"@type\":\"WebPage\",\"@id\":\"https:\/\/escale-village.fr\/blog\/activites-en-plein-air\/week-end-dans-le-morvan-decouvrez-le-plus-vaste-parc-naturel-regional-de-bourgogne\/\",\"url\":\"https:\/\/escale-village.fr\/blog\/activites-en-plein-air\/week-end-dans-le-morvan-decouvrez-le-plus-vaste-parc-naturel-regional-de-bourgogne\/\",\"name\":\"Week-end dans le Morvan : d\u00e9couvrez le plus vaste parc naturel r\u00e9gional de Bourgogne\",\"isPartOf\":{\"@id\":\"https:\/\/escale-village.fr\/blog\/#website\"},\"primaryImageOfPage\":{\"@id\":\"https:\/\/escale-village.fr\/blog\/activites-en-plein-air\/week-end-dans-le-morvan-decouvrez-le-plus-vaste-parc-naturel-regional-de-bourgogne\/#primaryimage\"},\"image\":{\"@id\":\"https:\/\/escale-village.fr\/blog\/activites-en-plein-air\/week-end-dans-le-morvan-decouvrez-le-plus-vaste-parc-naturel-regional-de-bourgogne\/#primaryimage\"},\"thumbnailUrl\":\"https:\/\/escale-village.fr\/blog\/wp-content\/uploads\/2025\/12\/pag-image-69415f68ce96f-scaled.png\",\"datePublished\":\"2026-02-26T08:04:00+00:00\",\"description\":\"Plan d\u2019Article D\u00e9taill\u00e9 : Un Week-end Inoubliable dans le MorvanD\u00e9couvrir le Parc Naturel R\u00e9gional du Morvan Le Parc Naturel R\u00e9gional du Morvan, cr\u00e9\u00e9 en\",\"inLanguage\":\"fr-FR\",\"potentialAction\":[{\"@type\":\"ReadAction\",\"target\":[\"https:\/\/escale-village.fr\/blog\/activites-en-plein-air\/week-end-dans-le-morvan-decouvrez-le-plus-vaste-parc-naturel-regional-de-bourgogne\/\"]}]},{\"@type\":\"ImageObject\",\"inLanguage\":\"fr-FR\",\"@id\":\"https:\/\/escale-village.fr\/blog\/activites-en-plein-air\/week-end-dans-le-morvan-decouvrez-le-plus-vaste-parc-naturel-regional-de-bourgogne\/#primaryimage\",\"url\":\"https:\/\/escale-village.fr\/blog\/wp-content\/uploads\/2025\/12\/pag-image-69415f68ce96f-scaled.png\",\"contentUrl\":\"https:\/\/escale-village.fr\/blog\/wp-content\/uploads\/2025\/12\/pag-image-69415f68ce96f-scaled.png\",\"width\":1200,\"height\":686,\"caption\":\"Image g\u00e9n\u00e9r\u00e9e par IA optimis\u00e9e pour Google Discover\"},{\"@type\":\"WebSite\",\"@id\":\"https:\/\/escale-village.fr\/blog\/#website\",\"url\":\"https:\/\/escale-village.fr\/blog\/\",\"name\":\"escale-village.fr\",\"description\":\"Escale Village, la pause authentique en campagne\",\"publisher\":{\"@id\":\"https:\/\/escale-village.fr\/blog\/#organization\"},\"alternateName\":\"Escale Village, la pause authentique en campagne\",\"potentialAction\":[{\"@type\":\"SearchAction\",\"target\":{\"@type\":\"EntryPoint\",\"urlTemplate\":\"https:\/\/escale-village.fr\/blog\/?s={search_term_string}\"},\"query-input\":{\"@type\":\"PropertyValueSpecification\",\"valueRequired\":true,\"valueName\":\"search_term_string\"}}],\"inLanguage\":\"fr-FR\"},{\"@type\":\"Organization\",\"@id\":\"https:\/\/escale-village.fr\/blog\/#organization\",\"name\":\"Foretsensations.fr\",\"url\":\"https:\/\/escale-village.fr\/blog\/\",\"logo\":{\"@type\":\"ImageObject\",\"inLanguage\":\"fr-FR\",\"@id\":\"https:\/\/escale-village.fr\/blog\/#\/schema\/logo\/image\/\",\"url\":\"https:\/\/escale-village.fr\/blog\/wp-content\/uploads\/2024\/12\/escale-village.png\",\"contentUrl\":\"https:\/\/escale-village.fr\/blog\/wp-content\/uploads\/2024\/12\/escale-village.png\",\"width\":500,\"height\":500,\"caption\":\"Foretsensations.fr\"},\"image\":{\"@id\":\"https:\/\/escale-village.fr\/blog\/#\/schema\/logo\/image\/\"}},{\"@type\":\"Person\",\"@id\":\"\",\"url\":\"https:\/\/escale-village.fr\/blog\/auteur\/\"}]}<\/script>\n<!-- \/ Yoast SEO Premium plugin. -->","yoast_head_json":{"title":"Week-end dans le Morvan : d\u00e9couvrez le plus vaste parc naturel r\u00e9gional de Bourgogne","description":"Plan d\u2019Article D\u00e9taill\u00e9 : Un Week-end Inoubliable dans le MorvanD\u00e9couvrir le Parc Naturel R\u00e9gional du Morvan Le Parc Naturel R\u00e9gional du Morvan, cr\u00e9\u00e9 en","robots":{"index":"index","follow":"follow","max-snippet":"max-snippet:-1","max-image-preview":"max-image-preview:large","max-video-preview":"max-video-preview:-1"},"canonical":"https:\/\/escale-village.fr\/blog\/activites-en-plein-air\/week-end-dans-le-morvan-decouvrez-le-plus-vaste-parc-naturel-regional-de-bourgogne\/","og_locale":"fr_FR","og_type":"article","og_title":"Week-end dans le Morvan : d\u00e9couvrez le plus vaste parc naturel r\u00e9gional de Bourgogne","og_description":"Plan d\u2019Article D\u00e9taill\u00e9 : Un Week-end Inoubliable dans le MorvanD\u00e9couvrir le Parc Naturel R\u00e9gional du Morvan Le Parc Naturel R\u00e9gional du Morvan, cr\u00e9\u00e9 en","og_url":"https:\/\/escale-village.fr\/blog\/activites-en-plein-air\/week-end-dans-le-morvan-decouvrez-le-plus-vaste-parc-naturel-regional-de-bourgogne\/","og_site_name":"escale-village","og_image":[{"width":1200,"height":686,"url":"https:\/\/escale-village.fr\/blog\/wp-content\/uploads\/2025\/12\/pag-image-69415f68ce96f-scaled.png","type":"image\/png"}],"twitter_card":"summary_large_image","schema":{"@context":"https:\/\/schema.org","@graph":[{"@type":"NewsArticle","@id":"https:\/\/escale-village.fr\/blog\/activites-en-plein-air\/week-end-dans-le-morvan-decouvrez-le-plus-vaste-parc-naturel-regional-de-bourgogne\/#article","isPartOf":{"@id":"https:\/\/escale-village.fr\/blog\/activites-en-plein-air\/week-end-dans-le-morvan-decouvrez-le-plus-vaste-parc-naturel-regional-de-bourgogne\/"},"author":{"name":"","@id":""},"headline":"Week-end dans le Morvan : d\u00e9couvrez le plus vaste parc naturel r\u00e9gional de Bourgogne","datePublished":"2026-02-26T08:04:00+00:00","mainEntityOfPage":{"@id":"https:\/\/escale-village.fr\/blog\/activites-en-plein-air\/week-end-dans-le-morvan-decouvrez-le-plus-vaste-parc-naturel-regional-de-bourgogne\/"},"wordCount":2773,"commentCount":0,"publisher":{"@id":"https:\/\/escale-village.fr\/blog\/#organization"},"image":{"@id":"https:\/\/escale-village.fr\/blog\/activites-en-plein-air\/week-end-dans-le-morvan-decouvrez-le-plus-vaste-parc-naturel-regional-de-bourgogne\/#primaryimage"},"thumbnailUrl":"https:\/\/escale-village.fr\/blog\/wp-content\/uploads\/2025\/12\/pag-image-69415f68ce96f-scaled.png","keywords":["morvan parc naturel week end"],"articleSection":["Activit\u00e9s en plein air"],"inLanguage":"fr-FR","potentialAction":[{"@type":"CommentAction","name":"Comment","target":["https:\/\/escale-village.fr\/blog\/activites-en-plein-air\/week-end-dans-le-morvan-decouvrez-le-plus-vaste-parc-naturel-regional-de-bourgogne\/#respond"]}]},{"@type":"WebPage","@id":"https:\/\/escale-village.fr\/blog\/activites-en-plein-air\/week-end-dans-le-morvan-decouvrez-le-plus-vaste-parc-naturel-regional-de-bourgogne\/","url":"https:\/\/escale-village.fr\/blog\/activites-en-plein-air\/week-end-dans-le-morvan-decouvrez-le-plus-vaste-parc-naturel-regional-de-bourgogne\/","name":"Week-end dans le Morvan : d\u00e9couvrez le plus vaste parc naturel r\u00e9gional de Bourgogne","isPartOf":{"@id":"https:\/\/escale-village.fr\/blog\/#website"},"primaryImageOfPage":{"@id":"https:\/\/escale-village.fr\/blog\/activites-en-plein-air\/week-end-dans-le-morvan-decouvrez-le-plus-vaste-parc-naturel-regional-de-bourgogne\/#primaryimage"},"image":{"@id":"https:\/\/escale-village.fr\/blog\/activites-en-plein-air\/week-end-dans-le-morvan-decouvrez-le-plus-vaste-parc-naturel-regional-de-bourgogne\/#primaryimage"},"thumbnailUrl":"https:\/\/escale-village.fr\/blog\/wp-content\/uploads\/2025\/12\/pag-image-69415f68ce96f-scaled.png","datePublished":"2026-02-26T08:04:00+00:00","description":"Plan d\u2019Article D\u00e9taill\u00e9 : Un Week-end Inoubliable dans le MorvanD\u00e9couvrir le Parc Naturel R\u00e9gional du Morvan Le Parc Naturel R\u00e9gional du Morvan, cr\u00e9\u00e9 en","inLanguage":"fr-FR","potentialAction":[{"@type":"ReadAction","target":["https:\/\/escale-village.fr\/blog\/activites-en-plein-air\/week-end-dans-le-morvan-decouvrez-le-plus-vaste-parc-naturel-regional-de-bourgogne\/"]}]},{"@type":"ImageObject","inLanguage":"fr-FR","@id":"https:\/\/escale-village.fr\/blog\/activites-en-plein-air\/week-end-dans-le-morvan-decouvrez-le-plus-vaste-parc-naturel-regional-de-bourgogne\/#primaryimage","url":"https:\/\/escale-village.fr\/blog\/wp-content\/uploads\/2025\/12\/pag-image-69415f68ce96f-scaled.png","contentUrl":"https:\/\/escale-village.fr\/blog\/wp-content\/uploads\/2025\/12\/pag-image-69415f68ce96f-scaled.png","width":1200,"height":686,"caption":"Image g\u00e9n\u00e9r\u00e9e par IA optimis\u00e9e pour Google Discover"},{"@type":"WebSite","@id":"https:\/\/escale-village.fr\/blog\/#website","url":"https:\/\/escale-village.fr\/blog\/","name":"escale-village.fr","description":"Escale Village, la pause authentique en campagne","publisher":{"@id":"https:\/\/escale-village.fr\/blog\/#organization"},"alternateName":"Escale Village, la pause authentique en campagne","potentialAction":[{"@type":"SearchAction","target":{"@type":"EntryPoint","urlTemplate":"https:\/\/escale-village.fr\/blog\/?s={search_term_string}"},"query-input":{"@type":"PropertyValueSpecification","valueRequired":true,"valueName":"search_term_string"}}],"inLanguage":"fr-FR"},{"@type":"Organization","@id":"https:\/\/escale-village.fr\/blog\/#organization","name":"Foretsensations.fr","url":"https:\/\/escale-village.fr\/blog\/","logo":{"@type":"ImageObject","inLanguage":"fr-FR","@id":"https:\/\/escale-village.fr\/blog\/#\/schema\/logo\/image\/","url":"https:\/\/escale-village.fr\/blog\/wp-content\/uploads\/2024\/12\/escale-village.png","contentUrl":"https:\/\/escale-village.fr\/blog\/wp-content\/uploads\/2024\/12\/escale-village.png","width":500,"height":500,"caption":"Foretsensations.fr"},"image":{"@id":"https:\/\/escale-village.fr\/blog\/#\/schema\/logo\/image\/"}},{"@type":"Person","@id":"","url":"https:\/\/escale-village.fr\/blog\/auteur\/"}]}},"_links":{"self":[{"href":"https:\/\/escale-village.fr\/blog\/wp-json\/wp\/v2\/posts\/7590","targetHints":{"allow":["GET"]}}],"collection":[{"href":"https:\/\/escale-village.fr\/blog\/wp-json\/wp\/v2\/posts"}],"about":[{"href":"https:\/\/escale-village.fr\/blog\/wp-json\/wp\/v2\/types\/post"}],"author":[{"embeddable":true,"href":"https:\/\/escale-village.fr\/blog\/wp-json\/wp\/v2\/users\/1"}],"replies":[{"embeddable":true,"href":"https:\/\/escale-village.fr\/blog\/wp-json\/wp\/v2\/comments?post=7590"}],"version-history":[{"count":1,"href":"https:\/\/escale-village.fr\/blog\/wp-json\/wp\/v2\/posts\/7590\/revisions"}],"predecessor-version":[{"id":7647,"href":"https:\/\/escale-village.fr\/blog\/wp-json\/wp\/v2\/posts\/7590\/revisions\/7647"}],"wp:featuredmedia":[{"embeddable":true,"href":"https:\/\/escale-village.fr\/blog\/wp-json\/wp\/v2\/media\/7592"}],"wp:attachment":[{"href":"https:\/\/escale-village.fr\/blog\/wp-json\/wp\/v2\/media?parent=7590"}],"wp:term":[{"taxonomy":"category","embeddable":true,"href":"https:\/\/escale-village.fr\/blog\/wp-json\/wp\/v2\/categories?post=7590"},{"taxonomy":"post_tag","embeddable":true,"href":"https:\/\/escale-village.fr\/blog\/wp-json\/wp\/v2\/tags?post=7590"}],"curies":[{"name":"wp","href":"https:\/\/api.w.org\/{rel}","templated":true}]}}