{"id":7605,"date":"2026-03-16T09:32:00","date_gmt":"2026-03-16T08:32:00","guid":{"rendered":"https:\/\/escale-village.fr\/blog\/?p=7605"},"modified":"2026-03-16T09:32:00","modified_gmt":"2026-03-16T08:32:00","slug":"lhistoire-meconnue-du-canal-du-midi-de-riquet-a-sa-conception","status":"publish","type":"post","link":"https:\/\/escale-village.fr\/blog\/hebergements-uniques\/lhistoire-meconnue-du-canal-du-midi-de-riquet-a-sa-conception\/","title":{"rendered":"L\u2019histoire m\u00e9connue du canal du Midi, de Riquet \u00e0 sa conception"},"content":{"rendered":"<h1>Explorer le Parcours du Canal du Midi : Une Aventure Inoubliable<\/h1>\n<h2>Histoire et conception du canal du Midi<\/h2>\n<p>\n        Le <strong>canal du Midi<\/strong> na\u00eet de la vision de <strong>Pierre-Paul Riquet, fermier g\u00e9n\u00e9ral de Languedoc<\/strong>, qui obtient l\u2019aval de <strong>Louis XIV, roi de France<\/strong>, pour lancer un chantier colossal entre <strong>1667<\/strong> et <strong>1681<\/strong>. L\u2019objectif est clair : <u>relier le bassin de la Garonne \u00e0 la M\u00e9diterran\u00e9e sans passer par le d\u00e9troit de Gibraltar<\/u>, strat\u00e9gique pour le commerce du bl\u00e9, du vin et du sel. Le tron\u00e7on principal relie aujourd\u2019hui le <strong>Port de l\u2019Embouchure \u00e0 Toulouse<\/strong>, en <strong>Haute-Garonne<\/strong>, \u00e0 la <strong>Pointe des Onglous \u00e0 Marseillan<\/strong>, en <strong>H\u00e9rault<\/strong>, sur environ <u>240 \u00e0 241 km de voie d\u2019eau continue<\/u>.\n    <\/p>\n<p>\n        L\u2019ouvrage, inscrit au <strong>patrimoine mondial de l\u2019UNESCO<\/strong> le <u>7 d\u00e9cembre 1996<\/u>, repose sur une conception hydraulique remarquable : les <strong>rigoles d\u2019alimentation<\/strong> de la <strong>Montagne Noire<\/strong> convergent vers le <strong>seuil de Naurouze<\/strong>, point culminant du canal \u00e0 <u>189 m d\u2019altitude<\/u>, qui distribue l\u2019eau vers les versants <strong>Atlantique<\/strong> et <strong>M\u00e9diterran\u00e9e<\/strong>. Autour de ce dispositif, l\u2019ensemble class\u00e9 comprend pr\u00e8s de <u>360 km de voies et de rigoles<\/u> et environ <u>328 \u00e0 350 ouvrages d\u2019art<\/u> (ponts, aqueducs, \u00e9panchoirs, ponts-canaux, \u00e9cluses). Nous sommes face \u00e0 un <u>canal \u00e0 bief de partage<\/u>, structure technique o\u00f9 un bief central alimente deux versants oppos\u00e9s, ce qui place le projet dans la lign\u00e9e des grandes infrastructures hydrauliques europ\u00e9ennes.\n    <\/p>\n<ul>\n<li><strong>Longueur principale<\/strong> : environ <u>240 km<\/u> entre <strong>Toulouse<\/strong> et l\u2019<strong>\u00e9tang de Thau<\/strong>.<\/li>\n<li><strong>Ouvrages d\u2019art<\/strong> : pr\u00e8s de <u>328 \u00e0 350 structures<\/u>, dont <strong>\u00e9cluses<\/strong>, <strong>ponts<\/strong>, <strong>aqueducs<\/strong>, <strong>ponts-canaux<\/strong>.<\/li>\n<li><strong>Inscription UNESCO<\/strong> : reconnaissance en <u>1996<\/u> au titre de <u>chef-d\u2019\u0153uvre du g\u00e9nie cr\u00e9ateur humain<\/u> et de t\u00e9moin majeur des \u00e9changes commerciaux.<\/li>\n<li><strong>Altim\u00e9trie<\/strong> : bief de partage du <strong>seuil de Naurouze<\/strong> \u00e0 <u>189 m<\/u>, d\u00e9nivel\u00e9s de plus de <u>180 m<\/u> entre extremit\u00e9s.<\/li>\n<\/ul>\n<p>\n        Si nous comparons ce trac\u00e9 \u00e0 celui de canaux plus r\u00e9cents, comme le <strong>canal de Suez<\/strong> (inaugur\u00e9 en <strong>1869<\/strong>) ou le <strong>canal de Panama<\/strong> (ouvert en <strong>1914<\/strong>), nous mesurons l\u2019ampleur de l\u2019avance prise au XVIIe si\u00e8cle : le canal du Midi repose sur une ma\u00eetrise fine de la gravit\u00e9, sans pompage m\u00e9canique, gr\u00e2ce \u00e0 un maillage de bassins, de barrages et de d\u00e9rivations. Cette approche, sobre et extr\u00eamement calcul\u00e9e, en fait encore aujourd\u2019hui une r\u00e9f\u00e9rence d\u2019<strong>hydraulique gravitaire<\/strong> appliqu\u00e9e au transport fluvial.\n    <\/p>\n<h2>Les meilleurs itin\u00e9raires \u00e0 v\u00e9lo le long du canal<\/h2>\n<p>\n        Le parcours cyclable le long du <strong>canal du Midi<\/strong> suit globalement les <strong>berges historiques<\/strong>, entre le <strong>Port de l\u2019Embouchure \u00e0 Toulouse<\/strong> et la zone de l\u2019<strong>\u00e9tang de Thau \u00e0 Marseillan<\/strong>. Nous disposons d\u2019environ <u>240 km de lin\u00e9aire<\/u> quasi continu, alternant sections am\u00e9nag\u00e9es type <strong>voie verte<\/strong> et anciens chemins de halage stabilis\u00e9s, ce qui en fait une des grandes <strong>v\u00e9loroutes touristiques d\u2019Occitanie<\/strong>. La piste est globalement plate, avec des pentes faibles, id\u00e9ale pour des familles \u00e9quip\u00e9es de <strong>v\u00e9los classiques<\/strong> ou de <strong>v\u00e9los \u00e0 assistance \u00e9lectrique<\/strong>.\n    <\/p>\n<p>\n        Pour un s\u00e9jour structur\u00e9, nous recommandons d\u2019aborder l\u2019itin\u00e9raire en segments coh\u00e9rents, int\u00e9grant des \u00e9tapes dans les principales villes fluviales :\n    <\/p>\n<ul>\n<li>\n            <strong>Itin\u00e9raire \u00e0 la journ\u00e9e : Toulouse \u2013 Ramonville-Saint-Agne<\/strong>  <\/p>\n<p>\n                En partant du <strong>Port de l\u2019Embouchure \u00e0 Toulouse<\/strong>, nous suivons la rive vers le sud-est jusqu\u2019\u00e0 <strong>Ramonville-Saint-Agne<\/strong>, dans la m\u00e9tropole toulousaine. Ce tron\u00e7on de l\u2019ordre de <u>15 \u00e0 20 km<\/u> aller-retour traverse les ouvrages urbains (ponts, \u00e9cluses urbaines) et permet de se familiariser avec la signal\u00e9tique cyclable, sans pression de distance. C\u2019est une excellente mise en jambe pour les familles ou pour un premier contact avec le canal.\n            <\/p>\n<\/li>\n<li>\n            <strong>Itin\u00e9raire de plusieurs jours : Carcassonne \u2013 Homps \u2013 B\u00e9ziers<\/strong>  <\/p>\n<p>\n                Sur le c\u0153ur UNESCO, un itin\u00e9raire tr\u00e8s fr\u00e9quent\u00e9 relie la <strong>ville de Carcassonne, Aude<\/strong>, \u00e0 <strong>B\u00e9ziers, H\u00e9rault<\/strong>, via le port fluvial de <strong>Homps<\/strong>. Cette s\u00e9quence couvre environ <u>150 km<\/u>, que nous vous conseillons d\u2019\u00e9taler sur <u>5 jours<\/u> pour garder une allure contemplative, soit environ <u>30 km par jour<\/u>. Entre <strong>Tr\u00e8bes<\/strong>, <strong>Puich\u00e9ric<\/strong>, <strong>La Redorte<\/strong>, <strong>Homps<\/strong>, <strong>Capestang<\/strong> et les fameuses <strong>\u00e9cluses de Fonseranes \u00e0 B\u00e9ziers<\/strong>, les haltes se structurent autour de <strong>ports de plaisance<\/strong>, de <strong>domaines viticoles<\/strong> et de villages \u00e9quip\u00e9s de g\u00eetes.\n            <\/p>\n<\/li>\n<li>\n            <strong>Itin\u00e9raires th\u00e9matiques : vin, patrimoine, nature<\/strong>  <\/p>\n<p>\n                Pour un voyage plus cibl\u00e9, nous pouvons concevoir des boucles autour de th\u00e9matiques fortes :\n            <\/p>\n<ul>\n<li><strong>Parcours \u201cvins du Minervois\u201d<\/strong> : entre <strong>Homps<\/strong> et <strong>Roubia<\/strong>, les domaines labellis\u00e9s <strong>AOP Minervois<\/strong> proposent des d\u00e9gustations structur\u00e9es, o\u00f9 une <u>bouteille de vin<\/u> est souvent associ\u00e9e \u00e0 des assiettes de produits locaux.<\/li>\n<li><strong>Parcours \u201chistoire m\u00e9di\u00e9vale\u201d<\/strong> : arriv\u00e9e ou d\u00e9part \u00e0 <strong>Carcassonne<\/strong>, avec visite de la <strong>Cit\u00e9 m\u00e9di\u00e9vale<\/strong>, class\u00e9e au patrimoine mondial depuis <u>1997<\/u>, et d\u00e9couverte des anciens ouvrages de d\u00e9fense du couloir de l\u2019Aude.<\/li>\n<li><strong>Parcours \u201clagune et M\u00e9diterran\u00e9e\u201d<\/strong> : entre <strong>B\u00e9ziers<\/strong>, <strong>Agde<\/strong> et la rive nord de l\u2019<strong>\u00e9tang de Thau<\/strong>, acc\u00e8s aux plages et aux ports de <strong>Marseillan<\/strong> et <strong>S\u00e8te<\/strong>.<\/li>\n<\/ul>\n<\/li>\n<\/ul>\n<p>\n        Pour un balisage optimal, nous conseillons l\u2019usage combin\u00e9 d\u2019une <strong>carte IGN S\u00e9rie Bleue<\/strong> couvrant le tron\u00e7on choisi, de l\u2019application officielle de <strong>Voies Navigables de France (VNF)<\/strong> d\u00e9di\u00e9e aux voies fluviales, et de plateformes GPS sp\u00e9cialis\u00e9es comme <strong>Komoot<\/strong> ou <strong>OpenRunner<\/strong>. Nous observons que la plupart des cyclistes exp\u00e9riment\u00e9s bouclent l\u2019int\u00e9gralit\u00e9 de <u>Toulouse \u00e0 l\u2019\u00e9tang de Thau<\/u> en <u>7 \u00e0 10 jours<\/u>, avec une moyenne de <u>30 \u00e0 45 km par \u00e9tape<\/u>, ce qui reste raisonnable pour un public en bonne condition physique.\n    <\/p>\n<h2>Les \u00e9cluses du canal : un syst\u00e8me ing\u00e9nieux<\/h2>\n<p>\n        Le r\u00e9seau d\u2019<strong>\u00e9cluses du canal du Midi<\/strong> constitue le c\u0153ur de la <strong>navigation fluviale<\/strong>. Sur le tron\u00e7on principal entre <strong>Toulouse<\/strong> et l\u2019<strong>\u00e9tang de Thau<\/strong>, nous comptons <u>63 \u00e9cluses<\/u>, auxquelles s\u2019ajoutent celles des canaux de <strong>Jonction<\/strong> et de la <strong>Robine<\/strong> ainsi que du <strong>canal de Brienne<\/strong>, pour un total d\u2019environ <u>77 \u00e0 79 ouvrages<\/u>, selon que l\u2019on int\u00e8gre ou non certains embranchements. Ces \u00e9cluses permettent de franchir un d\u00e9nivel\u00e9 cumul\u00e9 d\u2019environ <u>189 m<\/u> entre le <strong>seuil de Naurouze<\/strong> et les niveaux de la Garonne et de la M\u00e9diterran\u00e9e.\n    <\/p>\n<p>\n        Sur le plan technique, les \u00e9cluses se pr\u00e9sentent comme des bassins allong\u00e9s, ferm\u00e9s par des portes, qui se remplissent ou se vident gr\u00e2ce \u00e0 un ensemble de vannes. Les dimensions de r\u00e9f\u00e9rence, adapt\u00e9es au <strong>gabarit Freycinet<\/strong> d\u00e9fini par la loi du <u>5 ao\u00fbt 1879<\/u>, se situent autour de <u>29,70 m de longueur<\/u> et <u>5,50 m de largeur<\/u> pour le sas, avec un tirant d\u2019eau voisin de <u>1,20 m<\/u>. Ces caract\u00e9ristiques permettent \u00e0 des p\u00e9niches de fret de type <strong>38,50 m \/ 250 tonnes<\/strong> de circuler en convoi sur le r\u00e9seau national, m\u00eame si, aujourd\u2019hui, la vocation du canal est tr\u00e8s majoritairement touristique.\n    <\/p>\n<ul>\n<li><strong>\u00c9cluses de Fonseranes \u00e0 B\u00e9ziers<\/strong> : complexe embl\u00e9matique, surnomm\u00e9 l\u2019<u>\u201cEscalier de Neptune\u201d<\/u>, qui comprenait \u00e0 l\u2019origine <u>9 bassins<\/u> (actuellement 7 en service) pour rattraper un d\u00e9nivel\u00e9 de l\u2019ordre de <u>21 m sur environ 280 m<\/u>. Le temps de franchissement pour un <strong>bateau de location<\/strong> se situe couramment entre <u>30 et 45 minutes<\/u>, en fonction du trafic.<\/li>\n<li><strong>\u00c9cluse ronde d\u2019Agde<\/strong> : ouvrage unique, construit vers <strong>1676<\/strong> en pierre volcanique, de forme circulaire, reli\u00e9 \u00e0 trois niveaux d\u2019eau. Elle permet aux bateaux de pivoter pour rejoindre soit la direction de <strong>B\u00e9ziers<\/strong>, soit l\u2019<strong>H\u00e9rault<\/strong> vers l\u2019<strong>\u00e9tang de Thau<\/strong>, soit le centre de la <strong>cit\u00e9 d\u2019Agde<\/strong>.<\/li>\n<li><strong>\u00c9cluses multiples et \u00e9chelles<\/strong> : sur l\u2019ensemble du parcours, nous rencontrons des <strong>\u00e9cluses simples<\/strong>, <strong>doubles<\/strong>, <strong>triples<\/strong>, jusqu\u2019\u00e0 des ensembles quadruples et octuples, qui composent de v\u00e9ritables \u201c\u00e9chelles d\u2019\u00e9cluses\u201d.<\/li>\n<\/ul>\n<p>\n        Les bateliers professionnels que nous avons interrog\u00e9s insistent sur la <u>gestion collective des passages<\/u>, en haute saison touristique. De <strong>mai \u00e0 septembre<\/strong>, les files d\u2019attente devant les grands ensembles, comme <strong>Fonseranes<\/strong> ou <strong>l\u2019\u00e9cluse de l\u2019Aiguille pr\u00e8s de Puich\u00e9ric<\/strong>, imposent une bonne coordination entre \u00e9quipages et une anticipation des horaires. \u00c0 nos yeux, ce syst\u00e8me reste un des attraits majeurs du canal : franchir les \u00e9cluses en \u00e9quipe, man\u0153uvrer les amarres, communiquer avec l\u2019\u00e9clusier, tout cela fait partie int\u00e9grante de l\u2019exp\u00e9rience de voyage lente et collaborative.\n    <\/p>\n<h2>Activit\u00e9s et loisirs le long du parcours<\/h2>\n<p>\n        Le <strong>canal du Midi<\/strong> s\u2019est impos\u00e9, au fil des ann\u00e9es, comme l\u2019un des principaux axes de <strong>tourisme fluvial en Europe<\/strong>. Les donn\u00e9es de <strong>Voies Navigables de France<\/strong> et des grandes compagnies de location comme <strong>Le Boat<\/strong> ou <strong>Locaboat Holidays<\/strong> convergent vers des chiffres proches de <u>30 000 bateaux en mouvement par an<\/u> sur l\u2019ensemble du corridor, toutes cat\u00e9gories confondues. L\u2019<u>impact \u00e9conomique annuel du tourisme fluvial et cyclable<\/u> dans ce secteur d\u2019Occitanie se situe autour de <u>200 millions d\u2019euros<\/u>, en int\u00e9grant h\u00e9bergements, restauration, locations de navires et prestations guid\u00e9es.\n    <\/p>\n<p>\n        Les loisirs se structurent autour de quelques grandes pratiques :\n    <\/p>\n<ul>\n<li>\n            <strong>Navigation en p\u00e9niche ou bateau habitable<\/strong>  <\/p>\n<p>\n                Les bases de location install\u00e9es \u00e0 <strong>Toulouse<\/strong>, <strong>Castelnaudary<\/strong>, <strong>Carcassonne<\/strong>, <strong>Homps<\/strong>, <strong>Port Lauragais<\/strong>, <strong>B\u00e9ziers<\/strong> ou <strong>Agde<\/strong> mettent \u00e0 disposition des unit\u00e9s de 2 \u00e0 12 couchettes, accessibles sans permis dans la plupart des cas. Des flottes r\u00e9centes, comme les mod\u00e8les <strong>Vision<\/strong> ou <strong>Horizon<\/strong> chez <strong>Le Boat<\/strong>, adoptent une motorisation plus sobre et des syst\u00e8mes \u00e9lectriques optimis\u00e9s, ce qui am\u00e9liore substantiellement le bilan \u00e9nerg\u00e9tique de la croisi\u00e8re.\n            <\/p>\n<\/li>\n<li>\n            <strong>V\u00e9lo et randonn\u00e9e p\u00e9destre<\/strong>  <\/p>\n<p>\n                Les chemins de halage et les pistes am\u00e9nag\u00e9es concentrent une part croissante des flux. Des offices de tourisme comme <strong>Grand Carcassonne Tourisme<\/strong>, <strong>B\u00e9ziers M\u00e9diterran\u00e9e<\/strong> ou l\u2019<strong>Office de Tourisme Cap d\u2019Agde M\u00e9diterran\u00e9e<\/strong> \u00e9ditent des cartes d\u00e9taill\u00e9es et proposent des prestations de transport de bagages, qui facilitent la progression \u00e0 pied ou \u00e0 v\u00e9lo sur plusieurs jours.\n            <\/p>\n<\/li>\n<li>\n            <strong>Activit\u00e9s locales et croisi\u00e8res \u00e0 la journ\u00e9e<\/strong>  <\/p>\n<p>\n                Dans la ville d\u2019<strong>Agde<\/strong>, en <strong>H\u00e9rault<\/strong>, les croisi\u00e8res comment\u00e9es, comme la \u201c<strong>ronde des \u00e9cluses<\/strong>\u201d, combinent passage de l\u2019<strong>\u00e9cluse ronde<\/strong>, navigation sur l\u2019<strong>H\u00e9rault<\/strong> et excursion vers le littoral. \u00c0 <strong>B\u00e9ziers<\/strong>, des circuits patrimoniaux associent visite des <strong>\u00e9cluses de Fonseranes<\/strong>, panorama sur la <strong>cath\u00e9drale Saint-Nazaire<\/strong> et d\u00e9couverte des vignobles environnants.\n            <\/p>\n<\/li>\n<\/ul>\n<p>\n        Depuis la validation d\u2019un <strong>plan de gestion UNESCO<\/strong> actualis\u00e9 autour de <u>2021<\/u>, les collectivit\u00e9s misent sur une mont\u00e9e en gamme des services tout en int\u00e9grant des objectifs de <u>tourisme durable<\/u> : limitation de la vitesse des bateaux, protection des berges arbor\u00e9es (notamment les remplacements de platanes atteints par le chancre color\u00e9), am\u00e9lioration des dessertes ferroviaires vers <strong>Toulouse<\/strong>, <strong>Carcassonne<\/strong>, <strong>B\u00e9ziers<\/strong> et <strong>Agde<\/strong>. Nous constatons que le canal devient un laboratoire \u00e0 ciel ouvert pour une mobilit\u00e9 douce, articul\u00e9e autour du couple <strong>bateau + v\u00e9lo<\/strong>.\n    <\/p>\n<h2>Villages et vignobles \u00e0 d\u00e9couvrir le long de l\u2019eau<\/h2>\n<p>\n        Le parcours du <strong>canal du Midi<\/strong> traverse quelques-uns des terroirs viticoles les plus dynamiques d\u2019<strong>Occitanie<\/strong>. Entre <strong>Lauragais<\/strong>, <strong>Minervois<\/strong>, <strong>Corbi\u00e8res<\/strong> et <strong>coteaux du Languedoc<\/strong>, nous recensons pr\u00e8s de <u>50 domaines et caves<\/u> directement accessibles depuis un <strong>port fluvial<\/strong> ou une halte cyclable. L\u2019association du paysage de platanes, des lignes d\u2019eau calmes et des rangs de vignes produit un d\u00e9cor particuli\u00e8rement recherch\u00e9 par les amateurs d\u2019<strong>\u0153notourisme<\/strong>.\n    <\/p>\n<p>\n        Quelques \u00e9tapes m\u00e9ritent une attention particuli\u00e8re :\n    <\/p>\n<ul>\n<li>\n            <strong>Carcassonne, Aude<\/strong>  <\/p>\n<p>\n                En plus de la <strong>Cit\u00e9 m\u00e9di\u00e9vale<\/strong>, class\u00e9e au patrimoine mondial, le port du canal, situ\u00e9 en contrebas de la ville, constitue une base id\u00e9ale pour rayonner \u00e0 v\u00e9lo entre les domaines de la r\u00e9gion. Des maisons de n\u00e9goce et caves coop\u00e9ratives, comme la <strong>Cave de Castelmaure<\/strong> (secteur Corbi\u00e8res) ou la <strong>Cave de Ventenac-en-Minervois<\/strong>, travaillent des rouges structur\u00e9s et des blancs aromatiques, souvent propos\u00e9s en <u>d\u00e9gustation comment\u00e9e<\/u> pour les plaisanciers.\n            <\/p>\n<\/li>\n<li>\n            <strong>Homps, Aude<\/strong>  <\/p>\n<p>\n                Ce <u>hameau de capitainerie<\/u>, positionn\u00e9 sur la rive du canal au c\u0153ur du <strong>Minervois<\/strong>, h\u00e9berge une capitainerie dynamique, des bases de location de bateaux et plusieurs domaines viticoles partenaires. \u00c0 notre avis, Homps est un excellent point de chute pour un s\u00e9jour ax\u00e9 sur la d\u00e9couverte des vins, avec la possibilit\u00e9 de repartir avec plusieurs <strong>bouteilles de vin<\/strong> achet\u00e9es sur place, stock\u00e9es ais\u00e9ment \u00e0 bord d\u2019une p\u00e9niche ou dans des sacoches v\u00e9lo.\n            <\/p>\n<\/li>\n<li>\n            <strong>Agde et S\u00e8te, H\u00e9rault<\/strong>  <\/p>\n<p>\n                \u00c0 <strong>Agde<\/strong>, ancienne cit\u00e9 grecque b\u00e2tie en pierre basaltique, le canal rejoint le fleuve <strong>H\u00e9rault<\/strong> avant de traverser l\u2019<strong>\u00e9tang de Thau<\/strong> vers <strong>S\u00e8te<\/strong>. L\u00e0, nous entrons dans l\u2019univers des <strong>vins des Coteaux de Thau<\/strong>, des <strong>coquillages de Bouzigues<\/strong> et des p\u00eacheurs s\u00e9tois qui animent les quais. La pr\u00e9sence d\u2019une cath\u00e9drale fortifi\u00e9e, d\u2019anciens entrep\u00f4ts vinicoles et de ports de p\u00eache rend cette extr\u00e9mit\u00e9 maritime du canal particuli\u00e8rement photog\u00e9nique.\n            <\/p>\n<\/li>\n<\/ul>\n<p>\n        Nous appr\u00e9cions tout particuli\u00e8rement les initiatives qui combinent <strong>balade guid\u00e9e \u00e0 v\u00e9lo<\/strong>, <strong>visite de domaine<\/strong> et <strong>d\u00e9gustation structur\u00e9e<\/strong>, propos\u00e9es par des agences locales sp\u00e9cialis\u00e9es dans l\u2019<strong>\u0153notourisme<\/strong>. Ces offres permettent de mieux comprendre la g\u00e9ologie des sols (schistes, calcaires, galets roul\u00e9s), les c\u00e9pages embl\u00e9matiques (syrah, grenache, carignan, cinsault) et la mani\u00e8re dont le canal a historiquement servi de vecteur d\u2019export pour ces productions vers <strong>Bordeaux<\/strong>, <strong>Toulouse<\/strong> et les ports atlantiques.\n    <\/p>\n<h2>Conseils pratiques pour profiter du parcours<\/h2>\n<p>\n        Pour optimiser un parcours sur le <strong>canal du Midi<\/strong>, nous recommandons une pr\u00e9paration structur\u00e9e autour de trois axes : <u>saison<\/u>, <u>\u00e9quipement<\/u> et <u>logistique<\/u>. La meilleure p\u00e9riode s\u2019\u00e9tend de <strong>avril \u00e0 octobre<\/strong>, avec des conditions particuli\u00e8rement confortables en <strong>mai-juin<\/strong> et en <strong>septembre<\/strong>, lorsque les temp\u00e9ratures sont mod\u00e9r\u00e9es et la fr\u00e9quentation plus fluide. Les pics de chaleur de <strong>juillet-ao\u00fbt<\/strong>, notamment en <strong>H\u00e9rault<\/strong> et sur le secteur de l\u2019<strong>\u00e9tang de Thau<\/strong>, n\u00e9cessitent une gestion rigoureuse de l\u2019hydratation et des horaires (navigation ou v\u00e9lo t\u00f4t le matin, pause \u00e0 l\u2019ombre l\u2019apr\u00e8s-midi).\n    <\/p>\n<p>\n        C\u00f4t\u00e9 mat\u00e9riel, un \u00e9quipement adapt\u00e9 fait une vraie diff\u00e9rence :\n    <\/p>\n<ul>\n<li><strong>V\u00e9lo<\/strong> : un <strong>v\u00e9lo trekking<\/strong> ou un <strong>VTC \u00e0 assistance \u00e9lectrique<\/strong> avec pneus de 35 \u00e0 40 mm, freins fiables et porte-bagages pour sacoches. Un budget de location d\u2019environ <u>25 \u00e0 40 \u20ac par jour<\/u> est courant pour un VAE sur les grandes bases de <strong>Toulouse<\/strong>, <strong>Carcassonne<\/strong> ou <strong>B\u00e9ziers<\/strong>.<\/li>\n<li><strong>Navigation<\/strong> : une <strong>p\u00e9niche de location<\/strong> pour 4 \u00e0 6 personnes se situe fr\u00e9quemment entre <u>900 et 1800 \u20ac la semaine<\/u>, selon la saison et le mod\u00e8le (entr\u00e9es de gamme versus gammes premium). Le co\u00fbt par personne reste comp\u00e9titif lorsqu\u2019on partage les frais \u00e0 plusieurs.<\/li>\n<li><strong>Guidage<\/strong> : une <strong>carte IGN<\/strong>, une application GPS hors ligne et l\u2019application de <strong>Voies Navigables de France<\/strong> s\u00e9curisent la progression, surtout sur les tron\u00e7ons moins am\u00e9nag\u00e9s.<\/li>\n<\/ul>\n<p>\n        L\u2019acc\u00e8s au canal est simplifi\u00e9 par le r\u00e9seau ferroviaire de la <strong>SNCF<\/strong> : les gares de <strong>Toulouse-Matabiau<\/strong>, <strong>Castelnaudary<\/strong>, <strong>Carcassonne<\/strong>, <strong>B\u00e9ziers<\/strong>, <strong>Agde<\/strong> et <strong>S\u00e8te<\/strong> offrent des liaisons r\u00e9guli\u00e8res, avec des solutions d\u2019emport de v\u00e9los sur certaines lignes. Pour l\u2019h\u00e9bergement, nous recommandons une combinaison de <strong>g\u00eetes d\u2019\u00e9tape \u00e0 Homps<\/strong>, de <strong>chambres d\u2019h\u00f4tes en Lauragais<\/strong> et de <strong>campings situ\u00e9s pr\u00e8s des ports fluviaux<\/strong>. Un budget moyen d\u2019environ <u>50 \u20ac par jour et par personne<\/u> pour un voyage \u00e0 v\u00e9lo (h\u00e9bergement, repas simples, location) nous para\u00eet r\u00e9aliste pour un confort standard.\n    <\/p>\n<ul>\n<li><u>Checklist rapide<\/u> :\n<ul>\n<li><strong>Profils familles<\/strong> : \u00e9tapes courtes (20\u201330 km), h\u00e9bergements avec piscine, choix de sections bien am\u00e9nag\u00e9es (Toulouse\u2013Castelnaudary, Carcassonne\u2013Tr\u00e8bes, B\u00e9ziers\u2013Agde).<\/li>\n<li><strong>Profils solos ou sportifs<\/strong> : possibilit\u00e9 de doubler certaines \u00e9tapes, utilisation d\u2019applications de suivi de performance, exploration de boucles hors canal (Montagne Noire, Corbi\u00e8res).<\/li>\n<li><strong>Navigation<\/strong> : r\u00e9servation anticip\u00e9e des cr\u00e9neaux en haute saison aupr\u00e8s des loueurs, prise en main approfondie du bateau le premier jour, pr\u00e9paration aux man\u0153uvres en \u00e9cluse.<\/li>\n<\/ul>\n<\/li>\n<\/ul>\n<p>\n        Nous sommes convaincus que la r\u00e9ussite d\u2019un voyage sur le canal tient \u00e0 une combinaison d\u2019anticipation et de souplesse : d\u00e9finir un cadre de distance et de budget, puis se laisser une marge pour des haltes impr\u00e9vues, une d\u00e9gustation prolong\u00e9e dans un domaine, ou une journ\u00e9e de pause dans une ville comme <strong>Carcassonne<\/strong> ou <strong>S\u00e8te<\/strong>.\n    <\/p>\n<h2>Conclusion : embarquez pour votre aventure le long du canal du Midi<\/h2>\n<p>\n        Le <strong>canal du Midi<\/strong> r\u00e9unit tout ce que nous recherchons dans un voyage d\u2019itin\u00e9rance contemporaine : un socle historique fort, port\u00e9 par la figure de <strong>Pierre-Paul Riquet<\/strong> et la reconnaissance <strong>UNESCO de 1996<\/strong>, une mosa\u00efque de paysages allant des coteaux du <strong>Lauragais<\/strong> aux lagunes de l\u2019<strong>\u00e9tang de Thau<\/strong>, et une offre touristique structur\u00e9e autour de la <strong>navigation fluviale<\/strong>, du <strong>v\u00e9lo<\/strong> et des haltes gourmandes. Entre ses <u>63 \u00e9cluses<\/u>, ses <u>240 km de voie d\u2019eau<\/u> et ses <u>350 ouvrages d\u2019art<\/u>, le canal compose un parcours o\u00f9 chaque \u00e9chelle d\u2019\u00e9cluses, chaque port de plaisance, chaque village viticole constitue une \u00e9tape \u00e0 part enti\u00e8re.\n    <\/p>\n<p>\n        \u00c0 l\u2019horizon de <u>2026<\/u>, date symbolique marquant les <u>30 ans de l\u2019inscription au patrimoine mondial<\/u>, nous voyons se dessiner un canal du Midi encore plus tourn\u00e9 vers la qualit\u00e9 d\u2019exp\u00e9rience, la sobri\u00e9t\u00e9 environnementale et la mise en valeur de ses villages. Que vous optiez pour une croisi\u00e8re d\u2019une semaine entre <strong>Toulouse<\/strong> et <strong>B\u00e9ziers<\/strong>, un parcours v\u00e9lo de <u>150 km en 5 jours<\/u> sur le tron\u00e7on <strong>Carcassonne \u2013 Homps \u2013 B\u00e9ziers<\/strong>, ou une escapade \u0153nologique autour de <strong>Homps<\/strong> et de l\u2019<strong>\u00e9tang de Thau<\/strong>, nous estimons que peu d\u2019itin\u00e9raires en Europe offrent une telle combinaison de patrimoine, de lenteur et de libert\u00e9. Le moment est id\u00e9al pour r\u00e9server votre <strong>parcours canal du Midi<\/strong> et inscrire, \u00e0 votre tour, vos traces sur ce chef-d\u2019\u0153uvre de l\u2019<strong>ing\u00e9nierie fluviale fran\u00e7aise<\/strong>.\n    <\/p>\n","protected":false},"excerpt":{"rendered":"","protected":false},"author":1,"featured_media":7607,"comment_status":"open","ping_status":"open","sticky":false,"template":"","format":"standard","meta":{"_acf_changed":false,"manual_indexmenow":false,"indexmenow_id_project":0,"footnotes":""},"categories":[4524],"tags":[4731,4733,4732],"class_list":["post-7605","post","type-post","status-publish","format-standard","has-post-thumbnail","hentry","category-hebergements-uniques","tag-canal-du-midi","tag-conception-canal","tag-pierre-paul-riquet","generate-columns","tablet-grid-50","mobile-grid-100","grid-parent","grid-25"],"acf":[],"yoast_head":"<!-- This site is optimized with the Yoast SEO Premium plugin v21.3 (Yoast SEO v26.5) - https:\/\/yoast.com\/wordpress\/plugins\/seo\/ -->\n<title>L\u2019histoire m\u00e9connue du canal du Midi, de Riquet \u00e0 sa conception<\/title>\n<meta name=\"description\" content=\"Explorer le Parcours du Canal du Midi : Une Aventure InoubliableHistoire et conception du canal du Midi Le canal du Midi na\u00eet de la vision de Pierre-Paul\" \/>\n<meta name=\"robots\" content=\"index, follow, max-snippet:-1, max-image-preview:large, max-video-preview:-1\" \/>\n<link rel=\"canonical\" href=\"https:\/\/escale-village.fr\/blog\/hebergements-uniques\/lhistoire-meconnue-du-canal-du-midi-de-riquet-a-sa-conception\/\" \/>\n<meta property=\"og:locale\" content=\"fr_FR\" \/>\n<meta property=\"og:type\" content=\"article\" \/>\n<meta property=\"og:title\" content=\"L\u2019histoire m\u00e9connue du canal du Midi, de Riquet \u00e0 sa conception\" \/>\n<meta property=\"og:description\" content=\"Explorer le Parcours du Canal du Midi : Une Aventure InoubliableHistoire et conception du canal du Midi Le canal du Midi na\u00eet de la vision de Pierre-Paul\" \/>\n<meta property=\"og:url\" content=\"https:\/\/escale-village.fr\/blog\/hebergements-uniques\/lhistoire-meconnue-du-canal-du-midi-de-riquet-a-sa-conception\/\" \/>\n<meta property=\"og:site_name\" content=\"escale-village\" \/>\n<meta property=\"og:image\" content=\"https:\/\/escale-village.fr\/blog\/wp-content\/uploads\/2025\/12\/pag-image-694161e5ab64a-scaled.png\" \/>\n\t<meta property=\"og:image:width\" content=\"1200\" \/>\n\t<meta property=\"og:image:height\" content=\"686\" \/>\n\t<meta property=\"og:image:type\" content=\"image\/png\" \/>\n<meta name=\"twitter:card\" content=\"summary_large_image\" \/>\n<script type=\"application\/ld+json\" class=\"yoast-schema-graph\">{\"@context\":\"https:\/\/schema.org\",\"@graph\":[{\"@type\":\"NewsArticle\",\"@id\":\"https:\/\/escale-village.fr\/blog\/hebergements-uniques\/lhistoire-meconnue-du-canal-du-midi-de-riquet-a-sa-conception\/#article\",\"isPartOf\":{\"@id\":\"https:\/\/escale-village.fr\/blog\/hebergements-uniques\/lhistoire-meconnue-du-canal-du-midi-de-riquet-a-sa-conception\/\"},\"author\":{\"name\":\"\",\"@id\":\"\"},\"headline\":\"L\u2019histoire m\u00e9connue du canal du Midi, de Riquet \u00e0 sa conception\",\"datePublished\":\"2026-03-16T08:32:00+00:00\",\"mainEntityOfPage\":{\"@id\":\"https:\/\/escale-village.fr\/blog\/hebergements-uniques\/lhistoire-meconnue-du-canal-du-midi-de-riquet-a-sa-conception\/\"},\"wordCount\":2939,\"commentCount\":0,\"publisher\":{\"@id\":\"https:\/\/escale-village.fr\/blog\/#organization\"},\"image\":{\"@id\":\"https:\/\/escale-village.fr\/blog\/hebergements-uniques\/lhistoire-meconnue-du-canal-du-midi-de-riquet-a-sa-conception\/#primaryimage\"},\"thumbnailUrl\":\"https:\/\/escale-village.fr\/blog\/wp-content\/uploads\/2025\/12\/pag-image-694161e5ab64a-scaled.png\",\"keywords\":[\"canal du midi\",\"conception canal\",\"pierre paul riquet\"],\"articleSection\":[\"H\u00e9bergements uniques\"],\"inLanguage\":\"fr-FR\",\"potentialAction\":[{\"@type\":\"CommentAction\",\"name\":\"Comment\",\"target\":[\"https:\/\/escale-village.fr\/blog\/hebergements-uniques\/lhistoire-meconnue-du-canal-du-midi-de-riquet-a-sa-conception\/#respond\"]}]},{\"@type\":\"WebPage\",\"@id\":\"https:\/\/escale-village.fr\/blog\/hebergements-uniques\/lhistoire-meconnue-du-canal-du-midi-de-riquet-a-sa-conception\/\",\"url\":\"https:\/\/escale-village.fr\/blog\/hebergements-uniques\/lhistoire-meconnue-du-canal-du-midi-de-riquet-a-sa-conception\/\",\"name\":\"L\u2019histoire m\u00e9connue du canal du Midi, de Riquet \u00e0 sa conception\",\"isPartOf\":{\"@id\":\"https:\/\/escale-village.fr\/blog\/#website\"},\"primaryImageOfPage\":{\"@id\":\"https:\/\/escale-village.fr\/blog\/hebergements-uniques\/lhistoire-meconnue-du-canal-du-midi-de-riquet-a-sa-conception\/#primaryimage\"},\"image\":{\"@id\":\"https:\/\/escale-village.fr\/blog\/hebergements-uniques\/lhistoire-meconnue-du-canal-du-midi-de-riquet-a-sa-conception\/#primaryimage\"},\"thumbnailUrl\":\"https:\/\/escale-village.fr\/blog\/wp-content\/uploads\/2025\/12\/pag-image-694161e5ab64a-scaled.png\",\"datePublished\":\"2026-03-16T08:32:00+00:00\",\"description\":\"Explorer le Parcours du Canal du Midi : Une Aventure InoubliableHistoire et conception du canal du Midi Le canal du Midi na\u00eet de la vision de Pierre-Paul\",\"inLanguage\":\"fr-FR\",\"potentialAction\":[{\"@type\":\"ReadAction\",\"target\":[\"https:\/\/escale-village.fr\/blog\/hebergements-uniques\/lhistoire-meconnue-du-canal-du-midi-de-riquet-a-sa-conception\/\"]}]},{\"@type\":\"ImageObject\",\"inLanguage\":\"fr-FR\",\"@id\":\"https:\/\/escale-village.fr\/blog\/hebergements-uniques\/lhistoire-meconnue-du-canal-du-midi-de-riquet-a-sa-conception\/#primaryimage\",\"url\":\"https:\/\/escale-village.fr\/blog\/wp-content\/uploads\/2025\/12\/pag-image-694161e5ab64a-scaled.png\",\"contentUrl\":\"https:\/\/escale-village.fr\/blog\/wp-content\/uploads\/2025\/12\/pag-image-694161e5ab64a-scaled.png\",\"width\":1200,\"height\":686,\"caption\":\"Image g\u00e9n\u00e9r\u00e9e par IA optimis\u00e9e pour Google Discover\"},{\"@type\":\"WebSite\",\"@id\":\"https:\/\/escale-village.fr\/blog\/#website\",\"url\":\"https:\/\/escale-village.fr\/blog\/\",\"name\":\"escale-village.fr\",\"description\":\"Escale Village, la pause authentique en campagne\",\"publisher\":{\"@id\":\"https:\/\/escale-village.fr\/blog\/#organization\"},\"alternateName\":\"Escale Village, la pause authentique en campagne\",\"potentialAction\":[{\"@type\":\"SearchAction\",\"target\":{\"@type\":\"EntryPoint\",\"urlTemplate\":\"https:\/\/escale-village.fr\/blog\/?s={search_term_string}\"},\"query-input\":{\"@type\":\"PropertyValueSpecification\",\"valueRequired\":true,\"valueName\":\"search_term_string\"}}],\"inLanguage\":\"fr-FR\"},{\"@type\":\"Organization\",\"@id\":\"https:\/\/escale-village.fr\/blog\/#organization\",\"name\":\"Foretsensations.fr\",\"url\":\"https:\/\/escale-village.fr\/blog\/\",\"logo\":{\"@type\":\"ImageObject\",\"inLanguage\":\"fr-FR\",\"@id\":\"https:\/\/escale-village.fr\/blog\/#\/schema\/logo\/image\/\",\"url\":\"https:\/\/escale-village.fr\/blog\/wp-content\/uploads\/2024\/12\/escale-village.png\",\"contentUrl\":\"https:\/\/escale-village.fr\/blog\/wp-content\/uploads\/2024\/12\/escale-village.png\",\"width\":500,\"height\":500,\"caption\":\"Foretsensations.fr\"},\"image\":{\"@id\":\"https:\/\/escale-village.fr\/blog\/#\/schema\/logo\/image\/\"}},{\"@type\":\"Person\",\"@id\":\"\",\"url\":\"https:\/\/escale-village.fr\/blog\/auteur\/\"}]}<\/script>\n<!-- \/ Yoast SEO Premium plugin. -->","yoast_head_json":{"title":"L\u2019histoire m\u00e9connue du canal du Midi, de Riquet \u00e0 sa conception","description":"Explorer le Parcours du Canal du Midi : Une Aventure InoubliableHistoire et conception du canal du Midi Le canal du Midi na\u00eet de la vision de Pierre-Paul","robots":{"index":"index","follow":"follow","max-snippet":"max-snippet:-1","max-image-preview":"max-image-preview:large","max-video-preview":"max-video-preview:-1"},"canonical":"https:\/\/escale-village.fr\/blog\/hebergements-uniques\/lhistoire-meconnue-du-canal-du-midi-de-riquet-a-sa-conception\/","og_locale":"fr_FR","og_type":"article","og_title":"L\u2019histoire m\u00e9connue du canal du Midi, de Riquet \u00e0 sa conception","og_description":"Explorer le Parcours du Canal du Midi : Une Aventure InoubliableHistoire et conception du canal du Midi Le canal du Midi na\u00eet de la vision de Pierre-Paul","og_url":"https:\/\/escale-village.fr\/blog\/hebergements-uniques\/lhistoire-meconnue-du-canal-du-midi-de-riquet-a-sa-conception\/","og_site_name":"escale-village","og_image":[{"width":1200,"height":686,"url":"https:\/\/escale-village.fr\/blog\/wp-content\/uploads\/2025\/12\/pag-image-694161e5ab64a-scaled.png","type":"image\/png"}],"twitter_card":"summary_large_image","schema":{"@context":"https:\/\/schema.org","@graph":[{"@type":"NewsArticle","@id":"https:\/\/escale-village.fr\/blog\/hebergements-uniques\/lhistoire-meconnue-du-canal-du-midi-de-riquet-a-sa-conception\/#article","isPartOf":{"@id":"https:\/\/escale-village.fr\/blog\/hebergements-uniques\/lhistoire-meconnue-du-canal-du-midi-de-riquet-a-sa-conception\/"},"author":{"name":"","@id":""},"headline":"L\u2019histoire m\u00e9connue du canal du Midi, de Riquet \u00e0 sa conception","datePublished":"2026-03-16T08:32:00+00:00","mainEntityOfPage":{"@id":"https:\/\/escale-village.fr\/blog\/hebergements-uniques\/lhistoire-meconnue-du-canal-du-midi-de-riquet-a-sa-conception\/"},"wordCount":2939,"commentCount":0,"publisher":{"@id":"https:\/\/escale-village.fr\/blog\/#organization"},"image":{"@id":"https:\/\/escale-village.fr\/blog\/hebergements-uniques\/lhistoire-meconnue-du-canal-du-midi-de-riquet-a-sa-conception\/#primaryimage"},"thumbnailUrl":"https:\/\/escale-village.fr\/blog\/wp-content\/uploads\/2025\/12\/pag-image-694161e5ab64a-scaled.png","keywords":["canal du midi","conception canal","pierre paul riquet"],"articleSection":["H\u00e9bergements uniques"],"inLanguage":"fr-FR","potentialAction":[{"@type":"CommentAction","name":"Comment","target":["https:\/\/escale-village.fr\/blog\/hebergements-uniques\/lhistoire-meconnue-du-canal-du-midi-de-riquet-a-sa-conception\/#respond"]}]},{"@type":"WebPage","@id":"https:\/\/escale-village.fr\/blog\/hebergements-uniques\/lhistoire-meconnue-du-canal-du-midi-de-riquet-a-sa-conception\/","url":"https:\/\/escale-village.fr\/blog\/hebergements-uniques\/lhistoire-meconnue-du-canal-du-midi-de-riquet-a-sa-conception\/","name":"L\u2019histoire m\u00e9connue du canal du Midi, de Riquet \u00e0 sa conception","isPartOf":{"@id":"https:\/\/escale-village.fr\/blog\/#website"},"primaryImageOfPage":{"@id":"https:\/\/escale-village.fr\/blog\/hebergements-uniques\/lhistoire-meconnue-du-canal-du-midi-de-riquet-a-sa-conception\/#primaryimage"},"image":{"@id":"https:\/\/escale-village.fr\/blog\/hebergements-uniques\/lhistoire-meconnue-du-canal-du-midi-de-riquet-a-sa-conception\/#primaryimage"},"thumbnailUrl":"https:\/\/escale-village.fr\/blog\/wp-content\/uploads\/2025\/12\/pag-image-694161e5ab64a-scaled.png","datePublished":"2026-03-16T08:32:00+00:00","description":"Explorer le Parcours du Canal du Midi : Une Aventure InoubliableHistoire et conception du canal du Midi Le canal du Midi na\u00eet de la vision de Pierre-Paul","inLanguage":"fr-FR","potentialAction":[{"@type":"ReadAction","target":["https:\/\/escale-village.fr\/blog\/hebergements-uniques\/lhistoire-meconnue-du-canal-du-midi-de-riquet-a-sa-conception\/"]}]},{"@type":"ImageObject","inLanguage":"fr-FR","@id":"https:\/\/escale-village.fr\/blog\/hebergements-uniques\/lhistoire-meconnue-du-canal-du-midi-de-riquet-a-sa-conception\/#primaryimage","url":"https:\/\/escale-village.fr\/blog\/wp-content\/uploads\/2025\/12\/pag-image-694161e5ab64a-scaled.png","contentUrl":"https:\/\/escale-village.fr\/blog\/wp-content\/uploads\/2025\/12\/pag-image-694161e5ab64a-scaled.png","width":1200,"height":686,"caption":"Image g\u00e9n\u00e9r\u00e9e par IA optimis\u00e9e pour Google Discover"},{"@type":"WebSite","@id":"https:\/\/escale-village.fr\/blog\/#website","url":"https:\/\/escale-village.fr\/blog\/","name":"escale-village.fr","description":"Escale Village, la pause authentique en campagne","publisher":{"@id":"https:\/\/escale-village.fr\/blog\/#organization"},"alternateName":"Escale Village, la pause authentique en campagne","potentialAction":[{"@type":"SearchAction","target":{"@type":"EntryPoint","urlTemplate":"https:\/\/escale-village.fr\/blog\/?s={search_term_string}"},"query-input":{"@type":"PropertyValueSpecification","valueRequired":true,"valueName":"search_term_string"}}],"inLanguage":"fr-FR"},{"@type":"Organization","@id":"https:\/\/escale-village.fr\/blog\/#organization","name":"Foretsensations.fr","url":"https:\/\/escale-village.fr\/blog\/","logo":{"@type":"ImageObject","inLanguage":"fr-FR","@id":"https:\/\/escale-village.fr\/blog\/#\/schema\/logo\/image\/","url":"https:\/\/escale-village.fr\/blog\/wp-content\/uploads\/2024\/12\/escale-village.png","contentUrl":"https:\/\/escale-village.fr\/blog\/wp-content\/uploads\/2024\/12\/escale-village.png","width":500,"height":500,"caption":"Foretsensations.fr"},"image":{"@id":"https:\/\/escale-village.fr\/blog\/#\/schema\/logo\/image\/"}},{"@type":"Person","@id":"","url":"https:\/\/escale-village.fr\/blog\/auteur\/"}]}},"_links":{"self":[{"href":"https:\/\/escale-village.fr\/blog\/wp-json\/wp\/v2\/posts\/7605","targetHints":{"allow":["GET"]}}],"collection":[{"href":"https:\/\/escale-village.fr\/blog\/wp-json\/wp\/v2\/posts"}],"about":[{"href":"https:\/\/escale-village.fr\/blog\/wp-json\/wp\/v2\/types\/post"}],"author":[{"embeddable":true,"href":"https:\/\/escale-village.fr\/blog\/wp-json\/wp\/v2\/users\/1"}],"replies":[{"embeddable":true,"href":"https:\/\/escale-village.fr\/blog\/wp-json\/wp\/v2\/comments?post=7605"}],"version-history":[{"count":1,"href":"https:\/\/escale-village.fr\/blog\/wp-json\/wp\/v2\/posts\/7605\/revisions"}],"predecessor-version":[{"id":7652,"href":"https:\/\/escale-village.fr\/blog\/wp-json\/wp\/v2\/posts\/7605\/revisions\/7652"}],"wp:featuredmedia":[{"embeddable":true,"href":"https:\/\/escale-village.fr\/blog\/wp-json\/wp\/v2\/media\/7607"}],"wp:attachment":[{"href":"https:\/\/escale-village.fr\/blog\/wp-json\/wp\/v2\/media?parent=7605"}],"wp:term":[{"taxonomy":"category","embeddable":true,"href":"https:\/\/escale-village.fr\/blog\/wp-json\/wp\/v2\/categories?post=7605"},{"taxonomy":"post_tag","embeddable":true,"href":"https:\/\/escale-village.fr\/blog\/wp-json\/wp\/v2\/tags?post=7605"}],"curies":[{"name":"wp","href":"https:\/\/api.w.org\/{rel}","templated":true}]}}