{"id":7608,"date":"2026-03-19T09:29:00","date_gmt":"2026-03-19T08:29:00","guid":{"rendered":"https:\/\/escale-village.fr\/blog\/?p=7608"},"modified":"2026-03-19T09:29:00","modified_gmt":"2026-03-19T08:29:00","slug":"le-parcours-du-canal-du-midi-histoire-strategie-et-patrimoine-naturel","status":"publish","type":"post","link":"https:\/\/escale-village.fr\/blog\/activites-en-plein-air\/le-parcours-du-canal-du-midi-histoire-strategie-et-patrimoine-naturel\/","title":{"rendered":"Le parcours du Canal du Midi : histoire, strat\u00e9gie et patrimoine naturel"},"content":{"rendered":"<div style=\"background: linear-gradient(135deg, #f5f7fa 0%, #e9ecef 100%);border-left: 4px solid #0073aa;padding: 15px 20px;margin: 0 0 25px 0;border-radius: 0 8px 8px 0\">\n<p style=\"margin: 0;font-size: 14px;color: #0073aa;font-weight: 600;text-transform: uppercase;letter-spacing: 1px;margin-bottom: 10px\">\ud83d\udccb En bref<\/p>\n<ul style=\"margin: 0;padding-left: 20px;list-style-type: none\">\n<li style=\"margin: 5px 0;color: #333;font-size: 15px;line-height: 1.5;position: relative;padding-left: 15px\"><span style=\"position: absolute;left: 0;color: #0073aa\">\u25b8<\/span> Le Canal du Midi, con\u00e7u au XVIIe si\u00e8cle par Pierre-Paul Riquet, relie l&#039;Atlantique \u00e0 la M\u00e9diterran\u00e9e et r\u00e9volutionne le transport en France. Class\u00e9 au patrimoine mondial de l&#039;UNESCO, il t\u00e9moigne d&#039;un chef-d&#039;\u0153uvre d&#039;ing\u00e9nierie et d&#039;un paysage culturel unique. Sa gestion est assur\u00e9e par Voies navigables de France, avec un plan de pr\u00e9servation valid\u00e9 en 2021.<\/li>\n<\/ul>\n<\/div>\n<h1>D\u00e9couverte du Parcours du Canal du Midi : Un Voyage Inoubliable entre Nature et Patrimoine<\/h1>\n<h2>Histoire et r\u00f4le strat\u00e9gique du Canal du Midi<\/h2>\n<p>Con\u00e7u au XVIIe si\u00e8cle sous le r\u00e8gne de <strong>Louis XIV, roi de France<\/strong>, le Canal du Midi na\u00eet de la vision de <strong>Pierre-Paul Riquet<\/strong>, fermier g\u00e9n\u00e9ral install\u00e9 \u00e0 <strong>B\u00e9ziers<\/strong>. Entre <u>1667 et 1694<\/u>, ce dernier dirige un chantier mobilisant jusqu\u2019\u00e0 <u>12 000 ouvriers<\/u> selon les estimations historiques, afin de r\u00e9aliser la <strong>jonction des deux mers<\/strong> entre <strong>Atlantique<\/strong> et <strong>M\u00e9diterran\u00e9e<\/strong> sans passer par le d\u00e9troit de <strong>Gibraltar<\/strong>. Nous avons affaire \u00e0 une v\u00e9ritable r\u00e9volution logistique pour le royaume, qui vise \u00e0 s\u00e9curiser les routes commerciales et \u00e0 r\u00e9duire nettement les temps de transport des c\u00e9r\u00e9ales, du vin, du sel ou des textiles.<\/p>\n<p>Le projet se heurte \u00e0 trois d\u00e9fis techniques majeurs : <u>l\u2019alimentation en eau<\/u>, la <u>gestion des d\u00e9nivel\u00e9s<\/u> et la <u>stabilit\u00e9 des ouvrages<\/u>. Le syst\u00e8me de captage depuis la <strong>Montagne Noire<\/strong> via les <strong>rigoles d\u2019alimentation<\/strong> et le <strong>seuil de Naurouze<\/strong> constitue une prouesse hydraulique qui inspirera de nombreux canaux en Europe, de la <strong>Grande-Bretagne<\/strong> \u00e0 la <strong>Belgique<\/strong>. Les \u00e9cluses, parfois regroup\u00e9es en v\u00e9ritables escaliers comme aux <strong>neuf \u00e9cluses de Fonseranes<\/strong> \u00e0 B\u00e9ziers, compensent les variations d\u2019altitude sur plus de 190 m\u00e8tres entre Toulouse et la mer.<\/p>\n<ul>\n<li><u>D\u00e9finition cl\u00e9<\/u> : une <strong>\u00e9cluse<\/strong> est une chambre ferm\u00e9e par des portes, permettant de faire monter ou descendre les bateaux entre deux biefs de niveaux diff\u00e9rents.<\/li>\n<li><strong>Montagne Noire<\/strong> : massif situ\u00e9 au nord de Carcassonne, r\u00e9servoir principal du canal gr\u00e2ce au syst\u00e8me de rigoles et au bassin de Saint-Ferr\u00e9ol.<\/li>\n<li><strong>Seuil de Naurouze<\/strong> : point culminant du canal, situ\u00e9 en <strong>Haute-Garonne<\/strong>, v\u00e9ritable charni\u00e8re hydraulique entre bassin atlantique et bassin m\u00e9diterran\u00e9en.<\/li>\n<\/ul>\n<h2>Pourquoi le Canal du Midi est class\u00e9 \u00e0 l\u2019UNESCO<\/h2>\n<p>Le classement du Canal du Midi sur la <strong>Liste du patrimoine mondial de l\u2019UNESCO<\/strong> repose sur plusieurs crit\u00e8res, dont le <strong>crit\u00e8re (i)<\/strong> \u2013 chef-d\u2019\u0153uvre du g\u00e9nie cr\u00e9ateur humain \u2013 et le <strong>crit\u00e8re (ii)<\/strong> \u2013 t\u00e9moignage d\u2019un \u00e9change d\u2019influences consid\u00e9rable en mati\u00e8re d\u2019architecture et d\u2019am\u00e9nagement paysager. Nous avons affaire \u00e0 un <u>paysage culturel lin\u00e9aire<\/u>, o\u00f9 la voie d\u2019eau, les ouvrages d\u2019art, les alignements d\u2019arbres et les maisons \u00e9clusi\u00e8res composent un ensemble coh\u00e9rent de haute valeur patrimoniale.<\/p>\n<p>Au niveau national, l\u2019<strong>\u00c9tat fran\u00e7ais<\/strong> a class\u00e9 le canal et son syst\u00e8me d\u2019alimentation comme <strong>Sites<\/strong> et <strong>Monuments historiques<\/strong> entre <u>1996 et 2001<\/u>, confiant la gestion quotidienne principalement \u00e0 <strong>Voies navigables de France (VNF)<\/strong>, \u00e9tablissement public du secteur des infrastructures fluviales. Le <u>plan de gestion UNESCO valid\u00e9 en 2021<\/u> par la <strong>pr\u00e9fecture de r\u00e9gion Occitanie<\/strong> fixe des objectifs pr\u00e9cis en mati\u00e8re de <strong>gestion durable de l\u2019eau<\/strong>, de restauration des berges, de valorisation touristique et de pr\u00e9servation des paysages.<\/p>\n<ul>\n<li><strong>UNESCO<\/strong> : organisation sp\u00e9cialis\u00e9e des <strong>Nations Unies<\/strong> pour l\u2019\u00e9ducation, la science et la culture, bas\u00e9e \u00e0 <strong>Paris<\/strong>.<\/li>\n<li><u>Zone tampon<\/u> : ensemble de communes riveraines soumises \u00e0 des r\u00e8gles d\u2019urbanisme sp\u00e9cifiques pour prot\u00e9ger la qualit\u00e9 paysag\u00e8re.<\/li>\n<li><strong>Voies navigables de France<\/strong> : op\u00e9rateur public g\u00e9rant pr\u00e8s de <u>6 700 km<\/u> de voies d\u2019eau en France m\u00e9tropolitaine.<\/li>\n<\/ul>\n<h2>Les grands tron\u00e7ons du parcours du Canal du Midi<\/h2>\n<p>Le parcours class\u00e9 s\u2019\u00e9tend sur environ <u>240 km entre Toulouse et l\u2019\u00e9tang de Thau<\/u>, compl\u00e9t\u00e9 par les <strong>canaux de Jonction et de la Robine<\/strong> vers <strong>Port-la-Nouvelle<\/strong> sur la M\u00e9diterran\u00e9e, la section de l\u2019<strong>H\u00e9rault<\/strong> \u00e0 <strong>Agde<\/strong> et le <strong>canal de Brienne<\/strong> \u00e0 Toulouse. Pour pr\u00e9parer un itin\u00e9raire coh\u00e9rent, nous pouvons distinguer trois grands axes de voyage, chacun avec une identit\u00e9 propre : la partie urbaine et c\u00e9r\u00e9ali\u00e8re entre Toulouse et <strong>Castelnaudary<\/strong>, la portion patrimoniale autour de <strong>Carcassonne<\/strong> et de la vall\u00e9e de l\u2019Aude, puis le tron\u00e7on tr\u00e8s m\u00e9diterran\u00e9en de <strong>B\u00e9ziers<\/strong> \u00e0 <strong>S\u00e8te<\/strong>.<\/p>\n<p>Cette structuration nous aide \u00e0 adapter le mode de d\u00e9placement \u2013 bateau, v\u00e9lo ou marche \u2013 \u00e0 la dur\u00e9e et au niveau d\u2019exp\u00e9rience de chaque voyageur. Une travers\u00e9e int\u00e9grale n\u00e9cessite souvent <u>7 \u00e0 10 jours en bateau<\/u> \u00e0 un rythme confortable, tandis qu\u2019un s\u00e9jour de <u>3 \u00e0 5 jours<\/u> permet d\u00e9j\u00e0 de couvrir un tron\u00e7on embl\u00e9matique, comme Toulouse\u2013Carcassonne ou B\u00e9ziers\u2013Agde.<\/p>\n<ul>\n<li><strong>Toulouse \u2013 Castelnaudary \u2013 Carcassonne<\/strong> : paysages agricoles, ouvrages d\u2019art embl\u00e9matiques, immersion progressive dans le patrimoine m\u00e9di\u00e9val.<\/li>\n<li><strong>Carcassonne \u2013 Homps \u2013 Narbonne (canal de la Robine)<\/strong> : focus patrimoine, vignobles, ponts-canaux, haltes \u0153notouristiques.<\/li>\n<li><strong>B\u00e9ziers \u2013 Colombiers \u2013 Agde \u2013 S\u00e8te<\/strong> : ambiance maritime, ports de plaisance, plages et univers lagunaire de l\u2019\u00e9tang de Thau.<\/li>\n<\/ul>\n<h2>Itin\u00e9raire Toulouse \u2013 Castelnaudary \u2013 Carcassonne<\/h2>\n<p>Entre <strong>Toulouse, m\u00e9tropole a\u00e9ronautique domin\u00e9e par Airbus SAS<\/strong>, et <strong>Carcassonne<\/strong>, capitale de l\u2019<strong>Aude<\/strong>, ce tron\u00e7on de pr\u00e8s de <u>100 \u00e0 110 km<\/u> suit un canal bord\u00e9 d\u2019anciens entrep\u00f4ts, de moulins et de petites bastides. \u00c0 v\u00e9lo, nous recommandons de pr\u00e9voir <u>2 \u00e0 3 jours<\/u> selon le niveau, tandis qu\u2019en bateau de location sans permis, g\u00e9r\u00e9 par des op\u00e9rateurs comme <strong>Le Boat<\/strong> ou <strong>Nicol\u2019s Yacht<\/strong>, il convient de compter <u>3 \u00e0 4 jours<\/u> pour profiter des haltes.<\/p>\n<p>La cit\u00e9 fortifi\u00e9e de <strong>Carcassonne<\/strong>, inscrite au patrimoine mondial depuis <u>1997<\/u>, domine ce tron\u00e7on et offre un contraste saisissant entre la Ville Basse travers\u00e9e par le canal et la <u>Cit\u00e9 m\u00e9di\u00e9vale<\/u> restaur\u00e9e au XIXe si\u00e8cle par <strong>Eug\u00e8ne Viollet-le-Duc, architecte<\/strong>. Nous consid\u00e9rons cette portion comme id\u00e9ale pour une premi\u00e8re approche du Canal du Midi, gr\u00e2ce \u00e0 la bonne desserte ferroviaire par la <strong>SNCF<\/strong> (liaisons TER et Intercit\u00e9s Toulouse\u2013Narbonne) et \u00e0 la densit\u00e9 des services de location de v\u00e9los et de bateaux.<\/p>\n<ul>\n<li><strong>Distance<\/strong> : env. 100\u2013110 km<\/li>\n<li><u>Dur\u00e9e conseill\u00e9e<\/u> : 2\u20133 jours \u00e0 v\u00e9lo, 3\u20134 jours en bateau<\/li>\n<li><strong>Type de public<\/strong> : couples, familles, primo-visiteurs, amateurs de patrimoine m\u00e9di\u00e9val<\/li>\n<\/ul>\n<h2>Itin\u00e9raire Carcassonne \u2013 Homps \u2013 Narbonne et canal de la Robine<\/h2>\n<p>En poursuivant vers l\u2019est, le canal traverse les vignobles du <strong>Minervois<\/strong> et du <strong>Corbi\u00e8res<\/strong>, avec des villages comme <strong>Homps<\/strong> ou <strong>Puich\u00e9ric<\/strong>, avant de rejoindre le <strong>canal de Jonction<\/strong> puis le <strong>canal de la Robine<\/strong>, axe fluvial qui file vers <strong>Narbonne<\/strong> et <strong>Port-la-Nouvelle<\/strong>. Ce segment s\u2019adresse aux voyageurs sensibles \u00e0 l\u2019<strong>\u0153notourisme<\/strong>, pr\u00eats \u00e0 multiplier les haltes dans les domaines viticoles labellis\u00e9s <strong>AOP Minervois<\/strong> ou <strong>AOP Corbi\u00e8res<\/strong>.<\/p>\n<p>Nous observons une mont\u00e9e en puissance de l\u2019offre de <strong>p\u00e9niches-h\u00f4tels<\/strong> proposant des s\u00e9jours cl\u00e9s en main, combinant navigation lente, d\u00e9gustations de vins et visites guid\u00e9es dans les centres historiques de <strong>Narbonne<\/strong> ou de <strong>L\u00e9zignan-Corbi\u00e8res<\/strong>. \u00c0 v\u00e9lo, les \u00e9tapes de <u>35 \u00e0 50 km par jour<\/u> restent raisonnables pour des publics sportifs mod\u00e9r\u00e9s, avec des d\u00e9nivel\u00e9s limit\u00e9s.<\/p>\n<ul>\n<li><strong>Distance<\/strong> Carcassonne \u2013 Narbonne par la Robine : env. 90\u2013110 km selon variantes<\/li>\n<li><u>Points forts<\/u> : vignobles, domaines viticoles, patrimoine antique de Narbonne, ambiance fluviale plus calme<\/li>\n<li><strong>Mode conseill\u00e9<\/strong> : bateau pour les s\u00e9jours \u0153nologiques, v\u00e9lo pour les amateurs de paysages viticoles<\/li>\n<\/ul>\n<h2>Itin\u00e9raire B\u00e9ziers \u2013 Fonseranes \u2013 Colombiers \u2013 Agde \u2013 S\u00e8te<\/h2>\n<p>La portion entre <strong>B\u00e9ziers<\/strong> et <strong>S\u00e8te<\/strong> marque l\u2019entr\u00e9e dans un univers nettement m\u00e9diterran\u00e9en, avec l\u2019incontournable site des <strong>neuf \u00e9cluses de Fonseranes<\/strong>, r\u00e9nov\u00e9 au cours des ann\u00e9es <u>2010\u20132017<\/u> gr\u00e2ce \u00e0 d\u2019importants investissements des collectivit\u00e9s et de l\u2019<strong>Union europ\u00e9enne<\/strong>. Cet escalier d\u2019\u00e9cluses concentre \u00e0 lui seul le g\u00e9nie de <strong>Pierre-Paul Riquet<\/strong> et attire chaque ann\u00e9e plusieurs centaines de milliers de visiteurs, ce qui en fait l\u2019un des sites fluviaux les plus fr\u00e9quent\u00e9s de France.<\/p>\n<p>Au fil des kilom\u00e8tres, le canal longe le charmant village vigneron de <strong>Colombiers<\/strong>, traverse <strong>Agde<\/strong> par la section de l\u2019<u>H\u00e9rault<\/u>, puis rejoint l\u2019<strong>\u00e9tang de Thau<\/strong> et le port de <strong>S\u00e8te<\/strong>, haut lieu de la p\u00eache en M\u00e9diterran\u00e9e fran\u00e7aise. Nous consid\u00e9rons que ce tron\u00e7on convient particuli\u00e8rement \u00e0 un s\u00e9jour de <u>3 \u00e0 5 jours<\/u> en bateau ou \u00e0 un parcours v\u00e9lo de <u>2 \u00e0 3 jours<\/u>, avec possibilit\u00e9 de baignades et de d\u00e9couvertes des <strong>stations baln\u00e9aires<\/strong> voisines comme <strong>Marseillan<\/strong> ou <strong>Frontignan<\/strong>.<\/p>\n<ul>\n<li><strong>Distance<\/strong> B\u00e9ziers \u2013 S\u00e8te : env. 70\u201385 km<\/li>\n<li><u>Atouts<\/u> : Fonseranes, ports de plaisance, acc\u00e8s aux plages, conchyliculture sur l\u2019\u00e9tang de Thau<\/li>\n<li><strong>Public vis\u00e9<\/strong> : familles en qu\u00eate de mer, groupes d\u2019amis, amateurs de croisi\u00e8res fluviales estivales<\/li>\n<\/ul>\n<h2>Pratiquer le Canal du Midi \u00e0 v\u00e9lo<\/h2>\n<p>La <strong>v\u00e9loroute du Canal des Deux Mers<\/strong>, reliant <strong>Bordeaux<\/strong> \u00e0 <strong>S\u00e8te<\/strong>, suit le trac\u00e9 du Canal du Midi sur sa quasi-totalit\u00e9. Une large partie des berges forme une <u>voie verte<\/u> ou des chemins de halage stabilis\u00e9s, bien adapt\u00e9s \u00e0 un usage cyclotouriste. Plusieurs collectivit\u00e9s \u2013 <strong>R\u00e9gion Occitanie, d\u00e9partements de l\u2019Aude et de l\u2019H\u00e9rault<\/strong> \u2013 ont engag\u00e9 des travaux de s\u00e9curisation afin d\u2019am\u00e9liorer la continuit\u00e9 de l\u2019itin\u00e9raire, ce qui explique la progression constante de la fr\u00e9quentation cycliste, estim\u00e9e \u00e0 plusieurs centaines de milliers de passages annuels sur certains comptages.<\/p>\n<p>Nous recommandons, pour un voyage itin\u00e9rant, des \u00e9tapes de <u>40 \u00e0 60 km par jour<\/u>, adapt\u00e9es \u00e0 des cyclistes en bonne forme g\u00e9n\u00e9rale. Les principales villes du parcours \u2013 <strong>Toulouse, Castelnaudary, Carcassonne, Tr\u00e8bes, B\u00e9ziers, Agde<\/strong> \u2013 disposent de loueurs sp\u00e9cialis\u00e9s comme <strong>Locaboat Holidays<\/strong> (offres combin\u00e9es bateau + v\u00e9lo), ou de magasins ind\u00e9pendants qui proposent des <strong>v\u00e9los \u00e0 assistance \u00e9lectrique (VAE)<\/strong>, solution confortable sur plusieurs jours. Nous observons que l\u2019essor du VAE a \u00e9largi le public, en rendant le parcours accessible \u00e0 des voyageurs de plus de 60 ans ou \u00e0 des familles peu entra\u00een\u00e9es.<\/p>\n<ul>\n<li><strong>Longueur cyclable<\/strong> sur le Canal du Midi : majoritairement continue entre Toulouse et B\u00e9ziers, sections plus contrast\u00e9es vers Agde et S\u00e8te.<\/li>\n<li><u>\u00c9quipement conseill\u00e9<\/u> : casque homologu\u00e9, sacoches \u00e9tanches, antivol, \u00e9clairage, kit de r\u00e9paration.<\/li>\n<li><strong>Services<\/strong> : location en aller simple, transport de bagages par des op\u00e9rateurs sp\u00e9cialis\u00e9s, h\u00e9bergements labellis\u00e9s <strong>Accueil V\u00e9lo<\/strong>.<\/li>\n<\/ul>\n<h2>Navigation de plaisance et croisi\u00e8res fluviales<\/h2>\n<p>Le Canal du Midi reste un axe majeur de <strong>navigation de plaisance<\/strong> en Europe, avec des milliers de bateaux lou\u00e9s chaque ann\u00e9e par des compagnies comme <strong>Le Boat<\/strong>, <strong>Locaboat<\/strong>, <strong>Nicols<\/strong> ou encore <strong>Canalous<\/strong>, acteurs du secteur des loisirs nautiques. Les bateaux sans permis, d\u2019une longueur de <u>8 \u00e0 15 m\u00e8tres<\/u>, offrent g\u00e9n\u00e9ralement une capacit\u00e9 de <u>2 \u00e0 10 personnes<\/u>, avec une vitesse autoris\u00e9e limit\u00e9e \u00e0 environ <u>8 km\/h<\/u>, ce qui impose un rythme lent propice \u00e0 la contemplation.<\/p>\n<p>Le franchissement des \u00e9cluses constitue une exp\u00e9rience en soi : nous conseillons une planification avec <u>4 \u00e0 6 heures de navigation par jour<\/u>, en tenant compte de la densit\u00e9 d\u2019ouvrages sur certaines sections \u2013 notamment autour de <strong>Fonseranes<\/strong> ou entre <strong>Toulouse<\/strong> et <strong>Castelnaudary<\/strong>. Les <strong>\u00e9clusiers<\/strong>, fonctionnaires ou agents mandat\u00e9s par <strong>VNF<\/strong>, accompagnent les plaisanciers, ce qui rassure les d\u00e9butants. Nous observons que les s\u00e9jours courts de <u>3 \u00e0 5 nuits<\/u> sont de plus en plus demand\u00e9s, notamment pour des groupes d\u2019amis ou des familles souhaitant tester la croisi\u00e8re fluviale sans s\u2019engager sur une semaine compl\u00e8te.<\/p>\n<ul>\n<li><strong>Rythme moyen<\/strong> : 25\u201335 km de navigation quotidienne en tenant compte des \u00e9cluses.<\/li>\n<li><u>Formules<\/u> : aller-retour au d\u00e9part d\u2019un m\u00eame port (Toulouse, Carcassonne, Homps, B\u00e9ziers), ou aller simple entre deux bases.<\/li>\n<li><strong>Compl\u00e9ments<\/strong> : randonn\u00e9es p\u00e9destres, visites guid\u00e9es, location de v\u00e9los embarqu\u00e9s, activit\u00e9s nautiques \u00e0 l\u2019\u00e9tang de Thau.<\/li>\n<\/ul>\n<h2>Randonn\u00e9e p\u00e9destre et balades le long du canal<\/h2>\n<p>Au-del\u00e0 du v\u00e9lo et du bateau, la marche reste l\u2019un des moyens les plus immersifs d\u2019appr\u00e9hender le canal. Le chemin de halage se pr\u00eate bien \u00e0 des portions de <u>10 \u00e0 20 km par jour<\/u>, facilement accessibles depuis les gares de <strong>Toulouse-Matabiau, Carcassonne, B\u00e9ziers<\/strong> ou <strong>Agde<\/strong>. Nous appr\u00e9cions tout particuli\u00e8rement les sections ombrag\u00e9es entre <strong>Castelnaudary<\/strong> et <strong>Bram<\/strong>, ou encore les abords du canal pr\u00e8s de <strong>Colombiers<\/strong> et du tunnel du <strong>Malpas<\/strong>, premier tunnel de navigation creus\u00e9 en Europe au XVIIe si\u00e8cle.<\/p>\n<p>Pour des randonneurs d\u00e9sirant int\u00e9grer le canal dans un itin\u00e9raire plus large, des liaisons existent avec des GR balis\u00e9s par la <strong>F\u00e9d\u00e9ration fran\u00e7aise de randonn\u00e9e p\u00e9destre<\/strong>, notamment vers la <strong>Montagne Noire<\/strong> ou les <strong>Corbi\u00e8res<\/strong>. Nous recommandons une bonne pr\u00e9paration en termes de points d\u2019eau, surtout en \u00e9t\u00e9, certaines portions \u00e9tant \u00e9loign\u00e9es des villages.<\/p>\n<ul>\n<li><strong>Distance type<\/strong> : 10\u201320 km \u00e0 la journ\u00e9e, segments plus longs envisageables pour marcheurs entra\u00een\u00e9s.<\/li>\n<li><u>Saisons favorables<\/u> : printemps (avril\u2013juin) et arri\u00e8re-saison (septembre\u2013octobre).<\/li>\n<li><strong>\u00c9quipement<\/strong> : chaussures de randonn\u00e9e l\u00e9g\u00e8res, chapeau, r\u00e9serve d\u2019eau suffisante, protection solaire.<\/li>\n<\/ul>\n<h2>Guide pratique : quand partir et comment s\u2019orienter<\/h2>\n<p>La saison de navigation et de forte fr\u00e9quentation s\u2019\u00e9tend g\u00e9n\u00e9ralement d\u2019<u>avril \u00e0 octobre<\/u>, avec un pic marqu\u00e9 en <u>juillet\u2013ao\u00fbt<\/p>\n<div style=\"background: #e8f4f8;border: 3px solid #0073aa;padding: 20px;margin: 20px 0;border-radius: 8px\">\n<h2 style=\"color: #0073aa;text-align: center;margin-bottom: 15px\">\ud83d\udd27 Ressources Pratiques et Outils<\/h2>\n<div style=\"background: white;padding: 15px;margin: 10px 0;border-left: 4px solid #28a745\">\n<h3 style=\"color: #28a745;margin-bottom: 10px\">\ud83d\udccd Entreprises et Organismes Sp\u00e9cialis\u00e9s<\/h3>\n<p><strong>Entreprises fluviales de France (E2F)<\/strong> \u2013 Organisme professionnel incluant le \u00ab Comit\u00e9 de Bien du canal du Midi\u00bb.<br \/>\nAdresse : 8 rue Saint-Florentin, 75001 Paris<br \/>\nT\u00e9l\u00e9phone : 01 42 60 36 18<br \/>\nSite : <a href=\"http:\/\/entreprises-fluviales.fr\" rel=\"nofollow\">entreprises-fluviales.fr<\/a><\/p>\n<\/div>\n<div style=\"background: white;padding: 15px;margin: 10px 0;border-left: 4px solid #007bff\">\n<h3 style=\"color: #007bff;margin-bottom: 10px\">\ud83d\udee0\ufe0f Outils et Calculateurs<\/h3>\n<p>Pour des informations sur la navigation et les croisi\u00e8res, consultez :<br \/>\n<strong>Voies navigables de France (VNF) \u2013 Canal du Midi<\/strong> : <a href=\"http:\/\/vnf.fr\" rel=\"nofollow\">vnf.fr<\/a><br \/>\n<strong>Nicols \u2013 Croisi\u00e8res fluviales Canal du Midi<\/strong> : <a href=\"http:\/\/nicols.com\" rel=\"nofollow\">nicols.com<\/a><\/p>\n<\/div>\n<div style=\"background: white;padding: 15px;margin: 10px 0;border-left: 4px solid #6f42c1\">\n<h3 style=\"color: #6f42c1;margin-bottom: 10px\">\ud83d\udc65 Communaut\u00e9 et Experts<\/h3>\n<p><strong>Aux Sources du Canal du Midi \u2013 Office de tourisme<\/strong> : <a href=\"http:\/\/auxsourcesducanaldumidi.com\" rel=\"nofollow\">auxsourcesducanaldumidi.com<\/a><br \/>\n<strong>CanalFriends<\/strong> \u2013 Portail touristique avec bonnes adresses : <a href=\"http:\/\/canal-friends.com\" rel=\"nofollow\">canal-friends.com<\/a><\/p>\n<\/div>\n<div style=\"background: #fff3cd;padding: 15px;margin: 15px 0;border: 2px solid #ffc107;border-radius: 5px\">\n<strong style=\"color: #856404\">\ud83d\udca1 R\u00e9sum\u00e9 en 2 lignes :<\/strong><br \/>\n<span>D\u00e9couvrez les ressources essentielles pour explorer le Canal du Midi, avec des contacts d&rsquo;entreprises, des outils pratiques et des communaut\u00e9s engag\u00e9es pour enrichir votre exp\u00e9rience.<\/span>\n<\/div>\n<\/div>\n","protected":false},"excerpt":{"rendered":"","protected":false},"author":1,"featured_media":7610,"comment_status":"open","ping_status":"open","sticky":false,"template":"","format":"standard","meta":{"_acf_changed":false,"manual_indexmenow":false,"indexmenow_id_project":0,"footnotes":""},"categories":[4525],"tags":[4731,4734,4735],"class_list":["post-7608","post","type-post","status-publish","format-standard","has-post-thumbnail","hentry","category-activites-en-plein-air","tag-canal-du-midi","tag-histoire-france","tag-patrimoine-naturel","generate-columns","tablet-grid-50","mobile-grid-100","grid-parent","grid-25"],"acf":[],"yoast_head":"<!-- This site is optimized with the Yoast SEO Premium plugin v21.3 (Yoast SEO v26.5) - https:\/\/yoast.com\/wordpress\/plugins\/seo\/ -->\n<title>Le parcours du Canal du Midi : histoire, strat\u00e9gie et patrimoine naturel<\/title>\n<meta name=\"description\" content=\"\ud83d\udccb En bref \u25b8 Le Canal du Midi, con\u00e7u au XVIIe si\u00e8cle par Pierre-Paul Riquet, relie l&#039;Atlantique \u00e0 la M\u00e9diterran\u00e9e et r\u00e9volutionne le transport en\" \/>\n<meta name=\"robots\" content=\"index, follow, max-snippet:-1, max-image-preview:large, max-video-preview:-1\" \/>\n<link rel=\"canonical\" href=\"https:\/\/escale-village.fr\/blog\/activites-en-plein-air\/le-parcours-du-canal-du-midi-histoire-strategie-et-patrimoine-naturel\/\" \/>\n<meta property=\"og:locale\" content=\"fr_FR\" \/>\n<meta property=\"og:type\" content=\"article\" \/>\n<meta property=\"og:title\" content=\"Le parcours du Canal du Midi : histoire, strat\u00e9gie et patrimoine naturel\" \/>\n<meta property=\"og:description\" content=\"\ud83d\udccb En bref \u25b8 Le Canal du Midi, con\u00e7u au XVIIe si\u00e8cle par Pierre-Paul Riquet, relie l&#039;Atlantique \u00e0 la M\u00e9diterran\u00e9e et r\u00e9volutionne le transport en\" \/>\n<meta property=\"og:url\" content=\"https:\/\/escale-village.fr\/blog\/activites-en-plein-air\/le-parcours-du-canal-du-midi-histoire-strategie-et-patrimoine-naturel\/\" \/>\n<meta property=\"og:site_name\" content=\"escale-village\" \/>\n<meta property=\"og:image\" content=\"https:\/\/escale-village.fr\/blog\/wp-content\/uploads\/2025\/12\/pag-image-6941620cee64f-scaled.png\" \/>\n\t<meta property=\"og:image:width\" content=\"1200\" \/>\n\t<meta property=\"og:image:height\" content=\"686\" \/>\n\t<meta property=\"og:image:type\" content=\"image\/png\" \/>\n<meta name=\"twitter:card\" content=\"summary_large_image\" \/>\n<script type=\"application\/ld+json\" class=\"yoast-schema-graph\">{\"@context\":\"https:\/\/schema.org\",\"@graph\":[{\"@type\":\"NewsArticle\",\"@id\":\"https:\/\/escale-village.fr\/blog\/activites-en-plein-air\/le-parcours-du-canal-du-midi-histoire-strategie-et-patrimoine-naturel\/#article\",\"isPartOf\":{\"@id\":\"https:\/\/escale-village.fr\/blog\/activites-en-plein-air\/le-parcours-du-canal-du-midi-histoire-strategie-et-patrimoine-naturel\/\"},\"author\":{\"name\":\"\",\"@id\":\"\"},\"headline\":\"Le parcours du Canal du Midi : histoire, strat\u00e9gie et patrimoine naturel\",\"datePublished\":\"2026-03-19T08:29:00+00:00\",\"mainEntityOfPage\":{\"@id\":\"https:\/\/escale-village.fr\/blog\/activites-en-plein-air\/le-parcours-du-canal-du-midi-histoire-strategie-et-patrimoine-naturel\/\"},\"wordCount\":2340,\"commentCount\":0,\"publisher\":{\"@id\":\"https:\/\/escale-village.fr\/blog\/#organization\"},\"image\":{\"@id\":\"https:\/\/escale-village.fr\/blog\/activites-en-plein-air\/le-parcours-du-canal-du-midi-histoire-strategie-et-patrimoine-naturel\/#primaryimage\"},\"thumbnailUrl\":\"https:\/\/escale-village.fr\/blog\/wp-content\/uploads\/2025\/12\/pag-image-6941620cee64f-scaled.png\",\"keywords\":[\"canal du midi\",\"histoire france\",\"patrimoine naturel\"],\"articleSection\":[\"Activit\u00e9s en plein air\"],\"inLanguage\":\"fr-FR\",\"potentialAction\":[{\"@type\":\"CommentAction\",\"name\":\"Comment\",\"target\":[\"https:\/\/escale-village.fr\/blog\/activites-en-plein-air\/le-parcours-du-canal-du-midi-histoire-strategie-et-patrimoine-naturel\/#respond\"]}]},{\"@type\":\"WebPage\",\"@id\":\"https:\/\/escale-village.fr\/blog\/activites-en-plein-air\/le-parcours-du-canal-du-midi-histoire-strategie-et-patrimoine-naturel\/\",\"url\":\"https:\/\/escale-village.fr\/blog\/activites-en-plein-air\/le-parcours-du-canal-du-midi-histoire-strategie-et-patrimoine-naturel\/\",\"name\":\"Le parcours du Canal du Midi : histoire, strat\u00e9gie et patrimoine naturel\",\"isPartOf\":{\"@id\":\"https:\/\/escale-village.fr\/blog\/#website\"},\"primaryImageOfPage\":{\"@id\":\"https:\/\/escale-village.fr\/blog\/activites-en-plein-air\/le-parcours-du-canal-du-midi-histoire-strategie-et-patrimoine-naturel\/#primaryimage\"},\"image\":{\"@id\":\"https:\/\/escale-village.fr\/blog\/activites-en-plein-air\/le-parcours-du-canal-du-midi-histoire-strategie-et-patrimoine-naturel\/#primaryimage\"},\"thumbnailUrl\":\"https:\/\/escale-village.fr\/blog\/wp-content\/uploads\/2025\/12\/pag-image-6941620cee64f-scaled.png\",\"datePublished\":\"2026-03-19T08:29:00+00:00\",\"description\":\"\ud83d\udccb En bref \u25b8 Le Canal du Midi, con\u00e7u au XVIIe si\u00e8cle par Pierre-Paul Riquet, relie l&#039;Atlantique \u00e0 la M\u00e9diterran\u00e9e et r\u00e9volutionne le transport en\",\"inLanguage\":\"fr-FR\",\"potentialAction\":[{\"@type\":\"ReadAction\",\"target\":[\"https:\/\/escale-village.fr\/blog\/activites-en-plein-air\/le-parcours-du-canal-du-midi-histoire-strategie-et-patrimoine-naturel\/\"]}]},{\"@type\":\"ImageObject\",\"inLanguage\":\"fr-FR\",\"@id\":\"https:\/\/escale-village.fr\/blog\/activites-en-plein-air\/le-parcours-du-canal-du-midi-histoire-strategie-et-patrimoine-naturel\/#primaryimage\",\"url\":\"https:\/\/escale-village.fr\/blog\/wp-content\/uploads\/2025\/12\/pag-image-6941620cee64f-scaled.png\",\"contentUrl\":\"https:\/\/escale-village.fr\/blog\/wp-content\/uploads\/2025\/12\/pag-image-6941620cee64f-scaled.png\",\"width\":1200,\"height\":686,\"caption\":\"Image g\u00e9n\u00e9r\u00e9e par IA optimis\u00e9e pour Google Discover\"},{\"@type\":\"WebSite\",\"@id\":\"https:\/\/escale-village.fr\/blog\/#website\",\"url\":\"https:\/\/escale-village.fr\/blog\/\",\"name\":\"escale-village.fr\",\"description\":\"Escale Village, la pause authentique en campagne\",\"publisher\":{\"@id\":\"https:\/\/escale-village.fr\/blog\/#organization\"},\"alternateName\":\"Escale Village, la pause authentique en campagne\",\"potentialAction\":[{\"@type\":\"SearchAction\",\"target\":{\"@type\":\"EntryPoint\",\"urlTemplate\":\"https:\/\/escale-village.fr\/blog\/?s={search_term_string}\"},\"query-input\":{\"@type\":\"PropertyValueSpecification\",\"valueRequired\":true,\"valueName\":\"search_term_string\"}}],\"inLanguage\":\"fr-FR\"},{\"@type\":\"Organization\",\"@id\":\"https:\/\/escale-village.fr\/blog\/#organization\",\"name\":\"Foretsensations.fr\",\"url\":\"https:\/\/escale-village.fr\/blog\/\",\"logo\":{\"@type\":\"ImageObject\",\"inLanguage\":\"fr-FR\",\"@id\":\"https:\/\/escale-village.fr\/blog\/#\/schema\/logo\/image\/\",\"url\":\"https:\/\/escale-village.fr\/blog\/wp-content\/uploads\/2024\/12\/escale-village.png\",\"contentUrl\":\"https:\/\/escale-village.fr\/blog\/wp-content\/uploads\/2024\/12\/escale-village.png\",\"width\":500,\"height\":500,\"caption\":\"Foretsensations.fr\"},\"image\":{\"@id\":\"https:\/\/escale-village.fr\/blog\/#\/schema\/logo\/image\/\"}},{\"@type\":\"Person\",\"@id\":\"\",\"url\":\"https:\/\/escale-village.fr\/blog\/auteur\/\"}]}<\/script>\n<!-- \/ Yoast SEO Premium plugin. -->","yoast_head_json":{"title":"Le parcours du Canal du Midi : histoire, strat\u00e9gie et patrimoine naturel","description":"\ud83d\udccb En bref \u25b8 Le Canal du Midi, con\u00e7u au XVIIe si\u00e8cle par Pierre-Paul Riquet, relie l&#039;Atlantique \u00e0 la M\u00e9diterran\u00e9e et r\u00e9volutionne le transport en","robots":{"index":"index","follow":"follow","max-snippet":"max-snippet:-1","max-image-preview":"max-image-preview:large","max-video-preview":"max-video-preview:-1"},"canonical":"https:\/\/escale-village.fr\/blog\/activites-en-plein-air\/le-parcours-du-canal-du-midi-histoire-strategie-et-patrimoine-naturel\/","og_locale":"fr_FR","og_type":"article","og_title":"Le parcours du Canal du Midi : histoire, strat\u00e9gie et patrimoine naturel","og_description":"\ud83d\udccb En bref \u25b8 Le Canal du Midi, con\u00e7u au XVIIe si\u00e8cle par Pierre-Paul Riquet, relie l&#039;Atlantique \u00e0 la M\u00e9diterran\u00e9e et r\u00e9volutionne le transport en","og_url":"https:\/\/escale-village.fr\/blog\/activites-en-plein-air\/le-parcours-du-canal-du-midi-histoire-strategie-et-patrimoine-naturel\/","og_site_name":"escale-village","og_image":[{"width":1200,"height":686,"url":"https:\/\/escale-village.fr\/blog\/wp-content\/uploads\/2025\/12\/pag-image-6941620cee64f-scaled.png","type":"image\/png"}],"twitter_card":"summary_large_image","schema":{"@context":"https:\/\/schema.org","@graph":[{"@type":"NewsArticle","@id":"https:\/\/escale-village.fr\/blog\/activites-en-plein-air\/le-parcours-du-canal-du-midi-histoire-strategie-et-patrimoine-naturel\/#article","isPartOf":{"@id":"https:\/\/escale-village.fr\/blog\/activites-en-plein-air\/le-parcours-du-canal-du-midi-histoire-strategie-et-patrimoine-naturel\/"},"author":{"name":"","@id":""},"headline":"Le parcours du Canal du Midi : histoire, strat\u00e9gie et patrimoine naturel","datePublished":"2026-03-19T08:29:00+00:00","mainEntityOfPage":{"@id":"https:\/\/escale-village.fr\/blog\/activites-en-plein-air\/le-parcours-du-canal-du-midi-histoire-strategie-et-patrimoine-naturel\/"},"wordCount":2340,"commentCount":0,"publisher":{"@id":"https:\/\/escale-village.fr\/blog\/#organization"},"image":{"@id":"https:\/\/escale-village.fr\/blog\/activites-en-plein-air\/le-parcours-du-canal-du-midi-histoire-strategie-et-patrimoine-naturel\/#primaryimage"},"thumbnailUrl":"https:\/\/escale-village.fr\/blog\/wp-content\/uploads\/2025\/12\/pag-image-6941620cee64f-scaled.png","keywords":["canal du midi","histoire france","patrimoine naturel"],"articleSection":["Activit\u00e9s en plein air"],"inLanguage":"fr-FR","potentialAction":[{"@type":"CommentAction","name":"Comment","target":["https:\/\/escale-village.fr\/blog\/activites-en-plein-air\/le-parcours-du-canal-du-midi-histoire-strategie-et-patrimoine-naturel\/#respond"]}]},{"@type":"WebPage","@id":"https:\/\/escale-village.fr\/blog\/activites-en-plein-air\/le-parcours-du-canal-du-midi-histoire-strategie-et-patrimoine-naturel\/","url":"https:\/\/escale-village.fr\/blog\/activites-en-plein-air\/le-parcours-du-canal-du-midi-histoire-strategie-et-patrimoine-naturel\/","name":"Le parcours du Canal du Midi : histoire, strat\u00e9gie et patrimoine naturel","isPartOf":{"@id":"https:\/\/escale-village.fr\/blog\/#website"},"primaryImageOfPage":{"@id":"https:\/\/escale-village.fr\/blog\/activites-en-plein-air\/le-parcours-du-canal-du-midi-histoire-strategie-et-patrimoine-naturel\/#primaryimage"},"image":{"@id":"https:\/\/escale-village.fr\/blog\/activites-en-plein-air\/le-parcours-du-canal-du-midi-histoire-strategie-et-patrimoine-naturel\/#primaryimage"},"thumbnailUrl":"https:\/\/escale-village.fr\/blog\/wp-content\/uploads\/2025\/12\/pag-image-6941620cee64f-scaled.png","datePublished":"2026-03-19T08:29:00+00:00","description":"\ud83d\udccb En bref \u25b8 Le Canal du Midi, con\u00e7u au XVIIe si\u00e8cle par Pierre-Paul Riquet, relie l&#039;Atlantique \u00e0 la M\u00e9diterran\u00e9e et r\u00e9volutionne le transport en","inLanguage":"fr-FR","potentialAction":[{"@type":"ReadAction","target":["https:\/\/escale-village.fr\/blog\/activites-en-plein-air\/le-parcours-du-canal-du-midi-histoire-strategie-et-patrimoine-naturel\/"]}]},{"@type":"ImageObject","inLanguage":"fr-FR","@id":"https:\/\/escale-village.fr\/blog\/activites-en-plein-air\/le-parcours-du-canal-du-midi-histoire-strategie-et-patrimoine-naturel\/#primaryimage","url":"https:\/\/escale-village.fr\/blog\/wp-content\/uploads\/2025\/12\/pag-image-6941620cee64f-scaled.png","contentUrl":"https:\/\/escale-village.fr\/blog\/wp-content\/uploads\/2025\/12\/pag-image-6941620cee64f-scaled.png","width":1200,"height":686,"caption":"Image g\u00e9n\u00e9r\u00e9e par IA optimis\u00e9e pour Google Discover"},{"@type":"WebSite","@id":"https:\/\/escale-village.fr\/blog\/#website","url":"https:\/\/escale-village.fr\/blog\/","name":"escale-village.fr","description":"Escale Village, la pause authentique en campagne","publisher":{"@id":"https:\/\/escale-village.fr\/blog\/#organization"},"alternateName":"Escale Village, la pause authentique en campagne","potentialAction":[{"@type":"SearchAction","target":{"@type":"EntryPoint","urlTemplate":"https:\/\/escale-village.fr\/blog\/?s={search_term_string}"},"query-input":{"@type":"PropertyValueSpecification","valueRequired":true,"valueName":"search_term_string"}}],"inLanguage":"fr-FR"},{"@type":"Organization","@id":"https:\/\/escale-village.fr\/blog\/#organization","name":"Foretsensations.fr","url":"https:\/\/escale-village.fr\/blog\/","logo":{"@type":"ImageObject","inLanguage":"fr-FR","@id":"https:\/\/escale-village.fr\/blog\/#\/schema\/logo\/image\/","url":"https:\/\/escale-village.fr\/blog\/wp-content\/uploads\/2024\/12\/escale-village.png","contentUrl":"https:\/\/escale-village.fr\/blog\/wp-content\/uploads\/2024\/12\/escale-village.png","width":500,"height":500,"caption":"Foretsensations.fr"},"image":{"@id":"https:\/\/escale-village.fr\/blog\/#\/schema\/logo\/image\/"}},{"@type":"Person","@id":"","url":"https:\/\/escale-village.fr\/blog\/auteur\/"}]}},"_links":{"self":[{"href":"https:\/\/escale-village.fr\/blog\/wp-json\/wp\/v2\/posts\/7608","targetHints":{"allow":["GET"]}}],"collection":[{"href":"https:\/\/escale-village.fr\/blog\/wp-json\/wp\/v2\/posts"}],"about":[{"href":"https:\/\/escale-village.fr\/blog\/wp-json\/wp\/v2\/types\/post"}],"author":[{"embeddable":true,"href":"https:\/\/escale-village.fr\/blog\/wp-json\/wp\/v2\/users\/1"}],"replies":[{"embeddable":true,"href":"https:\/\/escale-village.fr\/blog\/wp-json\/wp\/v2\/comments?post=7608"}],"version-history":[{"count":1,"href":"https:\/\/escale-village.fr\/blog\/wp-json\/wp\/v2\/posts\/7608\/revisions"}],"predecessor-version":[{"id":7653,"href":"https:\/\/escale-village.fr\/blog\/wp-json\/wp\/v2\/posts\/7608\/revisions\/7653"}],"wp:featuredmedia":[{"embeddable":true,"href":"https:\/\/escale-village.fr\/blog\/wp-json\/wp\/v2\/media\/7610"}],"wp:attachment":[{"href":"https:\/\/escale-village.fr\/blog\/wp-json\/wp\/v2\/media?parent=7608"}],"wp:term":[{"taxonomy":"category","embeddable":true,"href":"https:\/\/escale-village.fr\/blog\/wp-json\/wp\/v2\/categories?post=7608"},{"taxonomy":"post_tag","embeddable":true,"href":"https:\/\/escale-village.fr\/blog\/wp-json\/wp\/v2\/tags?post=7608"}],"curies":[{"name":"wp","href":"https:\/\/api.w.org\/{rel}","templated":true}]}}