{"id":7676,"date":"2025-11-26T09:00:00","date_gmt":"2025-11-26T09:00:00","guid":{"rendered":"https:\/\/escale-village.fr\/blog\/articles\/les-baux-de-provences\/"},"modified":"2025-11-26T09:00:00","modified_gmt":"2025-11-26T09:00:00","slug":"les-baux-de-provences","status":"publish","type":"post","link":"https:\/\/escale-village.fr\/blog\/articles\/les-baux-de-provences\/","title":{"rendered":"Baux-de-Provence : Guide Village Perch\u00e9 2026"},"content":{"rendered":"<p>Les Baux-de-Provence, village perch\u00e9 embl\u00e9matique des Alpilles, attire de nombreux visiteurs gr\u00e2ce \u00e0 son patrimoine riche et ses paysages pittoresques. En 2026, il est essentiel de conna\u00eetre les normes et r\u00e9glementations qui encadrent la visite et la pr\u00e9servation de ce site exceptionnel. Cet article vous guide \u00e0 travers les sp\u00e9cificit\u00e9s r\u00e9glementaires en vigueur, les activit\u00e9s \u00e0 d\u00e9couvrir et les bonnes pratiques pour profiter pleinement de votre s\u00e9jour.<\/p>\n<h2>Un village charg\u00e9 d\u2019histoire<\/h2>\n<h3>Histoire et patrimoine<\/h3>\n<p>Les Baux-de-Provence, class\u00e9 parmi les \u00ab Plus Beaux Villages de France \u00bb, poss\u00e8de une histoire fascinante remontant \u00e0 l\u2019Antiquit\u00e9. Le site abrite des ruines m\u00e9di\u00e9vales impressionnantes, dont le ch\u00e2teau des Baux, construit au XIIe si\u00e8cle. La commune est \u00e9galement connue pour sa production d\u2019huile d\u2019olive et ses carri\u00e8res de pierre.<\/p>\n<h3>Acc\u00e8s et r\u00e9glementation en 2026<\/h3>\n<p>Depuis 2022, la commune a mis en place des mesures strictes pour pr\u00e9server son environnement naturel. L\u2019acc\u00e8s au village se fait principalement par des parkings situ\u00e9s \u00e0 l\u2019ext\u00e9rieur, avec un service de navettes \u00e9lectriques gratuit pour limiter le trafic automobile. Les visiteurs doivent \u00e9galement respecter les horaires d\u2019ouverture des sites historiques afin de minimiser l\u2019impact sur l\u2019\u00e9cosyst\u00e8me local.<\/p>\n<h2>Activit\u00e9s incontournables<\/h2>\n<h3>Visite des sites historiques<\/h3>\n<ol>\n<li><strong>Ch\u00e2teau des Baux<\/strong> : D\u00e9couvrez cette forteresse avec ses vues panoramiques sur la vall\u00e9e. L\u2019entr\u00e9e co\u00fbte environ 8 \u20ac par personne.<\/li>\n<li><strong>Carri\u00e8res de Lumi\u00e8res<\/strong> : Un spectacle multim\u00e9dia unique projet\u00e9 dans d\u2019anciennes carri\u00e8res, avec un tarif d\u2019entr\u00e9e de 12 \u20ac.<\/li>\n<\/ol>\n<h3>D\u00e9couverte des traditions locales<\/h3>\n<p>La gastronomie occupe une place importante aux Baux-de-Provence. Ne manquez pas de d\u00e9guster l\u2019huile d\u2019olive AOC produite localement ou encore le vin des Alpilles.<\/p>\n<h2>R\u00e8glementations sp\u00e9cifiques aux visiteurs<\/h2>\n<h3>Respect de l\u2019environnement<\/h3>\n<p>Pour prot\u00e9ger la faune et la flore locales, il est interdit de fumer dans certaines zones sensibles du village. De plus, il est recommand\u00e9 d\u2019utiliser des contenants r\u00e9utilisables pour \u00e9viter la pollution plastique.<\/p>\n<h3>Stationnement<\/h3>\n<p>Le stationnement est limit\u00e9 dans le village lui-m\u00eame ; privil\u00e9giez les parkings ext\u00e9rieurs. Le co\u00fbt est g\u00e9n\u00e9ralement compris entre 5 et 10 \u20ac par jour selon la saison.<\/p>\n<h2>Pi\u00e8ges \u00e0 \u00e9viter lors de votre visite<\/h2>\n<p>Ne sous-estimez pas les temp\u00e9ratures estivales ; pr\u00e9voyez suffisamment d\u2019eau et une protection solaire ad\u00e9quate. Les Baux-de-Provence peuvent \u00eatre tr\u00e8s fr\u00e9quent\u00e9s pendant l\u2019\u00e9t\u00e9, rendant difficile l\u2019acc\u00e8s aux attractions principales si vous n\u2019arrivez pas t\u00f4t dans la journ\u00e9e.<\/p>\n<h2>Informations pratiques pour votre s\u00e9jour<\/h2>\n<table class=\"kwdbank-table\">\n<thead>\n<tr>\n<th>Informations<\/th>\n<th>D\u00e9tails<\/th>\n<\/tr>\n<\/thead>\n<tbody>\n<tr>\n<td><strong>Meilleure p\u00e9riode pour visiter<\/strong><\/td>\n<td>Avril \u00e0 octobre<\/td>\n<\/tr>\n<tr>\n<td><strong>Langue parl\u00e9e<\/strong><\/td>\n<td>Fran\u00e7ais (anglais courant dans les commerces)<\/td>\n<\/tr>\n<tr>\n<td><strong>Monnaie<\/strong><\/td>\n<td>Euro (\u20ac)<\/td>\n<\/tr>\n<tr>\n<td><strong>Acc\u00e8s<\/strong><\/td>\n<td>Navettes \u00e9lectriques depuis les parkings<\/td>\n<\/tr>\n<\/tbody>\n<\/table>\n<h2>FAQ<\/h2>\n<h3>Quelles sont les heures d\u2019ouverture du ch\u00e2teau des Baux ?<\/h3>\n<p>Le ch\u00e2teau est ouvert tous les jours de 9h \u00e0 19h en haute saison (avril \u00e0 octobre), et jusqu\u2019\u00e0 17h en basse saison.<\/p>\n<h3>Y a-t-il des restaurants recommand\u00e9s aux Baux-de-Provence ?<\/h3>\n<p>Oui, plusieurs \u00e9tablissements proposent une cuisine locale authentique comme \u201cLa Cabro d\u2019Or\u201d ou \u201cL\u2019Oustau de Baumani\u00e8re\u201d.<\/p>\n<h3>Quels sont les \u00e9v\u00e9nements culturels notables en 2026 ?<\/h3>\n<p>En 2026, ne manquez pas le festival \u201cC\u00e9l\u00e9bration du Patrimoine\u201d qui se tient chaque ann\u00e9e en juillet.<\/p>\n<h3>Comment se rendre aux Baux-de-Provence depuis Avignon ?<\/h3>\n<p>Des bus r\u00e9guliers partent d\u2019Avignon vers Les Baux-de-Provence avec un temps de trajet d\u2019environ 30 minutes.<\/p>\n<h3>Existe-t-il des h\u00e9bergements recommand\u00e9s sur place ?<\/h3>\n<p>Oui, plusieurs h\u00f4tels et chambres d\u2019h\u00f4tes offrent une exp\u00e9rience authentique ; pensez \u00e0 r\u00e9server \u00e0 l\u2019avance, surtout pendant la haute saison.<\/p>\n<p>Profitez pleinement de votre visite aux Baux-de-Provence tout en respectant ces conseils pratiques et r\u00e9glementations locales afin de contribuer \u00e0 la pr\u00e9servation de ce joyau fran\u00e7ais.<\/p>\n","protected":false},"excerpt":{"rendered":"","protected":false},"author":0,"featured_media":0,"comment_status":"open","ping_status":"open","sticky":false,"template":"","format":"standard","meta":{"_acf_changed":false,"manual_indexmenow":false,"indexmenow_id_project":0,"footnotes":""},"categories":[4744],"tags":[],"class_list":["post-7676","post","type-post","status-publish","format-standard","hentry","category-articles","generate-columns","tablet-grid-50","mobile-grid-100","grid-parent","grid-25"],"acf":[],"yoast_head":"<!-- This site is optimized with the Yoast SEO Premium plugin v21.3 (Yoast SEO v26.5) - https:\/\/yoast.com\/wordpress\/plugins\/seo\/ -->\n<title>Baux-de-Provence : Guide Village Perch\u00e9 2026<\/title>\n<meta name=\"description\" content=\"Les Baux-de-Provence, village perch\u00e9 embl\u00e9matique des Alpilles, attire de nombreux visiteurs gr\u00e2ce \u00e0 son patrimoine riche et ses paysages pittoresques. En\u2026\" \/>\n<meta name=\"robots\" content=\"index, follow, max-snippet:-1, max-image-preview:large, max-video-preview:-1\" \/>\n<link rel=\"canonical\" href=\"https:\/\/escale-village.fr\/blog\/articles\/les-baux-de-provences\/\" \/>\n<meta property=\"og:locale\" content=\"fr_FR\" \/>\n<meta property=\"og:type\" content=\"article\" \/>\n<meta property=\"og:title\" content=\"Baux-de-Provence : Guide Village Perch\u00e9 2026\" \/>\n<meta property=\"og:description\" content=\"Les Baux-de-Provence, village perch\u00e9 embl\u00e9matique des Alpilles, attire de nombreux visiteurs gr\u00e2ce \u00e0 son patrimoine riche et ses paysages pittoresques. En\u2026\" \/>\n<meta property=\"og:url\" content=\"https:\/\/escale-village.fr\/blog\/articles\/les-baux-de-provences\/\" \/>\n<meta property=\"og:site_name\" content=\"escale-village\" \/>\n<meta name=\"twitter:card\" content=\"summary_large_image\" \/>\n<script type=\"application\/ld+json\" class=\"yoast-schema-graph\">{\"@context\":\"https:\/\/schema.org\",\"@graph\":[{\"@type\":\"NewsArticle\",\"@id\":\"https:\/\/escale-village.fr\/blog\/articles\/les-baux-de-provences\/#article\",\"isPartOf\":{\"@id\":\"https:\/\/escale-village.fr\/blog\/articles\/les-baux-de-provences\/\"},\"author\":{\"name\":\"\",\"@id\":\"\"},\"headline\":\"Baux-de-Provence : Guide Village Perch\u00e9 2026\",\"datePublished\":\"2025-11-26T09:00:00+00:00\",\"mainEntityOfPage\":{\"@id\":\"https:\/\/escale-village.fr\/blog\/articles\/les-baux-de-provences\/\"},\"wordCount\":641,\"commentCount\":0,\"publisher\":{\"@id\":\"https:\/\/escale-village.fr\/blog\/#organization\"},\"articleSection\":[\"Articles\"],\"inLanguage\":\"fr-FR\",\"potentialAction\":[{\"@type\":\"CommentAction\",\"name\":\"Comment\",\"target\":[\"https:\/\/escale-village.fr\/blog\/articles\/les-baux-de-provences\/#respond\"]}]},{\"@type\":\"WebPage\",\"@id\":\"https:\/\/escale-village.fr\/blog\/articles\/les-baux-de-provences\/\",\"url\":\"https:\/\/escale-village.fr\/blog\/articles\/les-baux-de-provences\/\",\"name\":\"Baux-de-Provence : Guide Village Perch\u00e9 2026\",\"isPartOf\":{\"@id\":\"https:\/\/escale-village.fr\/blog\/#website\"},\"datePublished\":\"2025-11-26T09:00:00+00:00\",\"description\":\"Les Baux-de-Provence, village perch\u00e9 embl\u00e9matique des Alpilles, attire de nombreux visiteurs gr\u00e2ce \u00e0 son patrimoine riche et ses paysages pittoresques. En\u2026\",\"inLanguage\":\"fr-FR\",\"potentialAction\":[{\"@type\":\"ReadAction\",\"target\":[\"https:\/\/escale-village.fr\/blog\/articles\/les-baux-de-provences\/\"]}]},{\"@type\":\"WebSite\",\"@id\":\"https:\/\/escale-village.fr\/blog\/#website\",\"url\":\"https:\/\/escale-village.fr\/blog\/\",\"name\":\"escale-village.fr\",\"description\":\"Escale Village, la pause authentique en campagne\",\"publisher\":{\"@id\":\"https:\/\/escale-village.fr\/blog\/#organization\"},\"alternateName\":\"Escale Village, la pause authentique en campagne\",\"potentialAction\":[{\"@type\":\"SearchAction\",\"target\":{\"@type\":\"EntryPoint\",\"urlTemplate\":\"https:\/\/escale-village.fr\/blog\/?s={search_term_string}\"},\"query-input\":{\"@type\":\"PropertyValueSpecification\",\"valueRequired\":true,\"valueName\":\"search_term_string\"}}],\"inLanguage\":\"fr-FR\"},{\"@type\":\"Organization\",\"@id\":\"https:\/\/escale-village.fr\/blog\/#organization\",\"name\":\"Foretsensations.fr\",\"url\":\"https:\/\/escale-village.fr\/blog\/\",\"logo\":{\"@type\":\"ImageObject\",\"inLanguage\":\"fr-FR\",\"@id\":\"https:\/\/escale-village.fr\/blog\/#\/schema\/logo\/image\/\",\"url\":\"https:\/\/escale-village.fr\/blog\/wp-content\/uploads\/2024\/12\/escale-village.png\",\"contentUrl\":\"https:\/\/escale-village.fr\/blog\/wp-content\/uploads\/2024\/12\/escale-village.png\",\"width\":500,\"height\":500,\"caption\":\"Foretsensations.fr\"},\"image\":{\"@id\":\"https:\/\/escale-village.fr\/blog\/#\/schema\/logo\/image\/\"}}]}<\/script>\n<!-- \/ Yoast SEO Premium plugin. -->","yoast_head_json":{"title":"Baux-de-Provence : Guide Village Perch\u00e9 2026","description":"Les Baux-de-Provence, village perch\u00e9 embl\u00e9matique des Alpilles, attire de nombreux visiteurs gr\u00e2ce \u00e0 son patrimoine riche et ses paysages pittoresques. En\u2026","robots":{"index":"index","follow":"follow","max-snippet":"max-snippet:-1","max-image-preview":"max-image-preview:large","max-video-preview":"max-video-preview:-1"},"canonical":"https:\/\/escale-village.fr\/blog\/articles\/les-baux-de-provences\/","og_locale":"fr_FR","og_type":"article","og_title":"Baux-de-Provence : Guide Village Perch\u00e9 2026","og_description":"Les Baux-de-Provence, village perch\u00e9 embl\u00e9matique des Alpilles, attire de nombreux visiteurs gr\u00e2ce \u00e0 son patrimoine riche et ses paysages pittoresques. En\u2026","og_url":"https:\/\/escale-village.fr\/blog\/articles\/les-baux-de-provences\/","og_site_name":"escale-village","twitter_card":"summary_large_image","schema":{"@context":"https:\/\/schema.org","@graph":[{"@type":"NewsArticle","@id":"https:\/\/escale-village.fr\/blog\/articles\/les-baux-de-provences\/#article","isPartOf":{"@id":"https:\/\/escale-village.fr\/blog\/articles\/les-baux-de-provences\/"},"author":{"name":"","@id":""},"headline":"Baux-de-Provence : Guide Village Perch\u00e9 2026","datePublished":"2025-11-26T09:00:00+00:00","mainEntityOfPage":{"@id":"https:\/\/escale-village.fr\/blog\/articles\/les-baux-de-provences\/"},"wordCount":641,"commentCount":0,"publisher":{"@id":"https:\/\/escale-village.fr\/blog\/#organization"},"articleSection":["Articles"],"inLanguage":"fr-FR","potentialAction":[{"@type":"CommentAction","name":"Comment","target":["https:\/\/escale-village.fr\/blog\/articles\/les-baux-de-provences\/#respond"]}]},{"@type":"WebPage","@id":"https:\/\/escale-village.fr\/blog\/articles\/les-baux-de-provences\/","url":"https:\/\/escale-village.fr\/blog\/articles\/les-baux-de-provences\/","name":"Baux-de-Provence : Guide Village Perch\u00e9 2026","isPartOf":{"@id":"https:\/\/escale-village.fr\/blog\/#website"},"datePublished":"2025-11-26T09:00:00+00:00","description":"Les Baux-de-Provence, village perch\u00e9 embl\u00e9matique des Alpilles, attire de nombreux visiteurs gr\u00e2ce \u00e0 son patrimoine riche et ses paysages pittoresques. En\u2026","inLanguage":"fr-FR","potentialAction":[{"@type":"ReadAction","target":["https:\/\/escale-village.fr\/blog\/articles\/les-baux-de-provences\/"]}]},{"@type":"WebSite","@id":"https:\/\/escale-village.fr\/blog\/#website","url":"https:\/\/escale-village.fr\/blog\/","name":"escale-village.fr","description":"Escale Village, la pause authentique en campagne","publisher":{"@id":"https:\/\/escale-village.fr\/blog\/#organization"},"alternateName":"Escale Village, la pause authentique en campagne","potentialAction":[{"@type":"SearchAction","target":{"@type":"EntryPoint","urlTemplate":"https:\/\/escale-village.fr\/blog\/?s={search_term_string}"},"query-input":{"@type":"PropertyValueSpecification","valueRequired":true,"valueName":"search_term_string"}}],"inLanguage":"fr-FR"},{"@type":"Organization","@id":"https:\/\/escale-village.fr\/blog\/#organization","name":"Foretsensations.fr","url":"https:\/\/escale-village.fr\/blog\/","logo":{"@type":"ImageObject","inLanguage":"fr-FR","@id":"https:\/\/escale-village.fr\/blog\/#\/schema\/logo\/image\/","url":"https:\/\/escale-village.fr\/blog\/wp-content\/uploads\/2024\/12\/escale-village.png","contentUrl":"https:\/\/escale-village.fr\/blog\/wp-content\/uploads\/2024\/12\/escale-village.png","width":500,"height":500,"caption":"Foretsensations.fr"},"image":{"@id":"https:\/\/escale-village.fr\/blog\/#\/schema\/logo\/image\/"}}]}},"_links":{"self":[{"href":"https:\/\/escale-village.fr\/blog\/wp-json\/wp\/v2\/posts\/7676","targetHints":{"allow":["GET"]}}],"collection":[{"href":"https:\/\/escale-village.fr\/blog\/wp-json\/wp\/v2\/posts"}],"about":[{"href":"https:\/\/escale-village.fr\/blog\/wp-json\/wp\/v2\/types\/post"}],"replies":[{"embeddable":true,"href":"https:\/\/escale-village.fr\/blog\/wp-json\/wp\/v2\/comments?post=7676"}],"version-history":[{"count":0,"href":"https:\/\/escale-village.fr\/blog\/wp-json\/wp\/v2\/posts\/7676\/revisions"}],"wp:attachment":[{"href":"https:\/\/escale-village.fr\/blog\/wp-json\/wp\/v2\/media?parent=7676"}],"wp:term":[{"taxonomy":"category","embeddable":true,"href":"https:\/\/escale-village.fr\/blog\/wp-json\/wp\/v2\/categories?post=7676"},{"taxonomy":"post_tag","embeddable":true,"href":"https:\/\/escale-village.fr\/blog\/wp-json\/wp\/v2\/tags?post=7676"}],"curies":[{"name":"wp","href":"https:\/\/api.w.org\/{rel}","templated":true}]}}