{"id":7679,"date":"2025-12-23T09:00:00","date_gmt":"2025-12-23T09:00:00","guid":{"rendered":"https:\/\/escale-village.fr\/blog\/articles\/wavrechain-sous-faulx\/"},"modified":"2025-12-23T09:00:00","modified_gmt":"2025-12-23T09:00:00","slug":"wavrechain-sous-faulx","status":"publish","type":"post","link":"https:\/\/escale-village.fr\/blog\/articles\/wavrechain-sous-faulx\/","title":{"rendered":"Wavrechain-sous-Faulx : Guide Village Nord"},"content":{"rendered":"<p>Wavrechain-sous-Faulx est une petite commune fran\u00e7aise situ\u00e9e dans le d\u00e9partement du Nord. Si vous cherchez des informations pratiques sur ce village, que ce soit pour une visite, un d\u00e9m\u00e9nagement ou simplement pour en apprendre davantage sur son histoire et ses attractions, vous \u00eates au bon endroit. Cet article vous guidera \u00e0 travers les principales caract\u00e9ristiques de Wavrechain-sous-Faulx, en fournissant des d\u00e9tails sur son patrimoine, ses activit\u00e9s et des conseils pratiques.<\/p>\n<h2>Pr\u00e9sentation g\u00e9n\u00e9rale de Wavrechain-sous-Faulx<\/h2>\n<h3>Localisation et accessibilit\u00e9<\/h3>\n<p>Wavrechain-sous-Faulx se trouve \u00e0 environ 15 kilom\u00e8tres au sud de Valenciennes, dans la r\u00e9gion Hauts-de-France. Accessible par la D 649, le village est bien desservi par les routes locales. La proximit\u00e9 de la gare de Saint-Amand-les-Eaux permet \u00e9galement d\u2019acc\u00e9der facilement \u00e0 d\u2019autres grandes villes.<\/p>\n<h3>Histoire et patrimoine<\/h3>\n<p>Le village a une histoire riche qui remonte au Moyen \u00c2ge. Des vestiges arch\u00e9ologiques t\u00e9moignent d\u2019une occupation humaine ancienne. L\u2019\u00e9glise Saint-Pierre, construite au XIXe si\u00e8cle, est un des principaux points d\u2019int\u00e9r\u00eat architectural avec ses vitraux color\u00e9s et son clocher typique.<\/p>\n<h2>Activit\u00e9s \u00e0 Wavrechain-sous-Faulx<\/h2>\n<h3>Loisirs en plein air<\/h3>\n<p>Les amateurs de nature trouveront leur bonheur avec plusieurs sentiers de randonn\u00e9e autour du village. Par exemple, le sentier des \u00c9cureuils propose une balade de 5 km \u00e0 travers les bois environnants. En \u00e9t\u00e9, la p\u00eache dans la rivi\u00e8re voisine attire \u00e9galement les habitants et les visiteurs.<\/p>\n<h3>\u00c9v\u00e9nements locaux<\/h3>\n<p>Wavrechain-sous-Faulx organise plusieurs \u00e9v\u00e9nements tout au long de l\u2019ann\u00e9e. Le march\u00e9 hebdomadaire chaque samedi attire non seulement les habitants mais aussi ceux des villages voisins. En ao\u00fbt, la f\u00eate du village permet aux r\u00e9sidents de se rassembler autour de diverses activit\u00e9s culturelles et sportives.<\/p>\n<h2>Vie pratique \u00e0 Wavrechain-sous-Faulx<\/h2>\n<h3>Commodit\u00e9s et services<\/h3>\n<p>Le village offre plusieurs services pratiques :<\/p>\n<ul>\n<li><strong>\u00c9coles<\/strong> : Une \u00e9cole primaire accueille les enfants.<\/li>\n<li><strong>Commodit\u00e9s<\/strong> : Quelques commerces de proximit\u00e9, dont une boulangerie et une \u00e9picerie.<\/li>\n<li><strong>Sant\u00e9<\/strong> : Un cabinet m\u00e9dical est pr\u00e9sent pour r\u00e9pondre aux besoins m\u00e9dicaux des habitants.<\/li>\n<\/ul>\n<h4>Tableau r\u00e9capitulatif des services<\/h4>\n<table class=\"kwdbank-table\">\n<thead>\n<tr>\n<th>Service<\/th>\n<th>Disponibilit\u00e9<\/th>\n<\/tr>\n<\/thead>\n<tbody>\n<tr>\n<td>\u00c9cole primaire<\/td>\n<td>Oui<\/td>\n<\/tr>\n<tr>\n<td>Boulangerie<\/td>\n<td>Oui<\/td>\n<\/tr>\n<tr>\n<td>\u00c9picerie<\/td>\n<td>Oui<\/td>\n<\/tr>\n<tr>\n<td>Cabinet m\u00e9dical<\/td>\n<td>Oui<\/td>\n<\/tr>\n<\/tbody>\n<\/table>\n<h3>Transport et mobilit\u00e9<\/h3>\n<p>Pour ceux qui envisagent de s\u2019installer \u00e0 Wavrechain-sous-Faulx, il est important de noter que les transports publics sont limit\u00e9s. Un pi\u00e8ge courant est de sous-estimer l\u2019importance d\u2019avoir un v\u00e9hicule personnel pour se d\u00e9placer facilement dans la r\u00e9gion.<\/p>\n<h2>Pourquoi choisir Wavrechain-sous-Faulx ?<\/h2>\n<p>Wavrechain-sous-Faulx combine le charme d\u2019un village paisible avec la proximit\u00e9 des grandes villes comme Valenciennes ou Douai. C\u2019est un lieu id\u00e9al pour ceux qui recherchent un cadre calme tout en \u00e9tant proche des commodit\u00e9s urbaines.<\/p>\n<h3>Avantages pour les familles<\/h3>\n<p>La pr\u00e9sence d\u2019\u00e9coles locales et d\u2019espaces verts en fait un choix attractif pour les familles souhaitant \u00e9lever leurs enfants dans un environnement serein.<\/p>\n<h2>FAQ sur Wavrechain-sous-Faulx<\/h2>\n<h3>Quelle est la population actuelle de Wavrechain-sous-Faulx ?<\/h3>\n<p>En 2023, la commune compte environ 800 habitants.<\/p>\n<h3>Quels sont les principaux lieux d\u2019int\u00e9r\u00eat \u00e0 visiter ?<\/h3>\n<p>Les principaux lieux d\u2019int\u00e9r\u00eat incluent l\u2019\u00e9glise Saint-Pierre et le sentier des \u00c9cureuils.<\/p>\n<h3>Y a-t-il des activit\u00e9s sportives disponibles ?<\/h3>\n<p>Oui, plusieurs clubs sportifs locaux proposent des activit\u00e9s vari\u00e9es comme le football ou le cyclisme.<\/p>\n<h3>Comment se rendre \u00e0 Wavrechain-sous-Faulx depuis Valenciennes ?<\/h3>\n<p>Il suffit de prendre la D 649 en direction du sud pendant environ 15 minutes en voiture.<\/p>\n<h3>Quelles sont les meilleures p\u00e9riodes pour visiter le village ?<\/h3>\n<p>Le printemps et l\u2019\u00e9t\u00e9 sont id\u00e9aux pour profiter des activit\u00e9s en plein air et des \u00e9v\u00e9nements locaux.<\/p>\n<p>Pour toute personne int\u00e9ress\u00e9e par cette charmante commune du Nord, il peut \u00eatre judicieux d\u2019y faire un tour lors d\u2019un week-end pour appr\u00e9cier pleinement son ambiance tranquille et accueillante.<\/p>\n","protected":false},"excerpt":{"rendered":"","protected":false},"author":0,"featured_media":0,"comment_status":"open","ping_status":"open","sticky":false,"template":"","format":"standard","meta":{"_acf_changed":false,"manual_indexmenow":false,"indexmenow_id_project":0,"footnotes":""},"categories":[4744],"tags":[],"class_list":["post-7679","post","type-post","status-publish","format-standard","hentry","category-articles","generate-columns","tablet-grid-50","mobile-grid-100","grid-parent","grid-25"],"acf":[],"yoast_head":"<!-- This site is optimized with the Yoast SEO Premium plugin v21.3 (Yoast SEO v26.5) - https:\/\/yoast.com\/wordpress\/plugins\/seo\/ -->\n<title>Wavrechain-sous-Faulx : Guide Village Nord<\/title>\n<meta name=\"description\" content=\"Wavrechain-sous-Faulx est une petite commune fran\u00e7aise situ\u00e9e dans le d\u00e9partement du Nord. Si vous cherchez des informations pratiques sur ce village, que\u2026\" \/>\n<meta name=\"robots\" content=\"index, follow, max-snippet:-1, max-image-preview:large, max-video-preview:-1\" \/>\n<link rel=\"canonical\" href=\"https:\/\/escale-village.fr\/blog\/articles\/wavrechain-sous-faulx\/\" \/>\n<meta property=\"og:locale\" content=\"fr_FR\" \/>\n<meta property=\"og:type\" content=\"article\" \/>\n<meta property=\"og:title\" content=\"Wavrechain-sous-Faulx : Guide Village Nord\" \/>\n<meta property=\"og:description\" content=\"Wavrechain-sous-Faulx est une petite commune fran\u00e7aise situ\u00e9e dans le d\u00e9partement du Nord. Si vous cherchez des informations pratiques sur ce village, que\u2026\" \/>\n<meta property=\"og:url\" content=\"https:\/\/escale-village.fr\/blog\/articles\/wavrechain-sous-faulx\/\" \/>\n<meta property=\"og:site_name\" content=\"escale-village\" \/>\n<meta name=\"twitter:card\" content=\"summary_large_image\" \/>\n<script type=\"application\/ld+json\" class=\"yoast-schema-graph\">{\"@context\":\"https:\/\/schema.org\",\"@graph\":[{\"@type\":\"NewsArticle\",\"@id\":\"https:\/\/escale-village.fr\/blog\/articles\/wavrechain-sous-faulx\/#article\",\"isPartOf\":{\"@id\":\"https:\/\/escale-village.fr\/blog\/articles\/wavrechain-sous-faulx\/\"},\"author\":{\"name\":\"\",\"@id\":\"\"},\"headline\":\"Wavrechain-sous-Faulx : Guide Village Nord\",\"datePublished\":\"2025-12-23T09:00:00+00:00\",\"mainEntityOfPage\":{\"@id\":\"https:\/\/escale-village.fr\/blog\/articles\/wavrechain-sous-faulx\/\"},\"wordCount\":635,\"commentCount\":0,\"publisher\":{\"@id\":\"https:\/\/escale-village.fr\/blog\/#organization\"},\"articleSection\":[\"Articles\"],\"inLanguage\":\"fr-FR\",\"potentialAction\":[{\"@type\":\"CommentAction\",\"name\":\"Comment\",\"target\":[\"https:\/\/escale-village.fr\/blog\/articles\/wavrechain-sous-faulx\/#respond\"]}]},{\"@type\":\"WebPage\",\"@id\":\"https:\/\/escale-village.fr\/blog\/articles\/wavrechain-sous-faulx\/\",\"url\":\"https:\/\/escale-village.fr\/blog\/articles\/wavrechain-sous-faulx\/\",\"name\":\"Wavrechain-sous-Faulx : Guide Village Nord\",\"isPartOf\":{\"@id\":\"https:\/\/escale-village.fr\/blog\/#website\"},\"datePublished\":\"2025-12-23T09:00:00+00:00\",\"description\":\"Wavrechain-sous-Faulx est une petite commune fran\u00e7aise situ\u00e9e dans le d\u00e9partement du Nord. Si vous cherchez des informations pratiques sur ce village, que\u2026\",\"inLanguage\":\"fr-FR\",\"potentialAction\":[{\"@type\":\"ReadAction\",\"target\":[\"https:\/\/escale-village.fr\/blog\/articles\/wavrechain-sous-faulx\/\"]}]},{\"@type\":\"WebSite\",\"@id\":\"https:\/\/escale-village.fr\/blog\/#website\",\"url\":\"https:\/\/escale-village.fr\/blog\/\",\"name\":\"escale-village.fr\",\"description\":\"Escale Village, la pause authentique en campagne\",\"publisher\":{\"@id\":\"https:\/\/escale-village.fr\/blog\/#organization\"},\"alternateName\":\"Escale Village, la pause authentique en campagne\",\"potentialAction\":[{\"@type\":\"SearchAction\",\"target\":{\"@type\":\"EntryPoint\",\"urlTemplate\":\"https:\/\/escale-village.fr\/blog\/?s={search_term_string}\"},\"query-input\":{\"@type\":\"PropertyValueSpecification\",\"valueRequired\":true,\"valueName\":\"search_term_string\"}}],\"inLanguage\":\"fr-FR\"},{\"@type\":\"Organization\",\"@id\":\"https:\/\/escale-village.fr\/blog\/#organization\",\"name\":\"Foretsensations.fr\",\"url\":\"https:\/\/escale-village.fr\/blog\/\",\"logo\":{\"@type\":\"ImageObject\",\"inLanguage\":\"fr-FR\",\"@id\":\"https:\/\/escale-village.fr\/blog\/#\/schema\/logo\/image\/\",\"url\":\"https:\/\/escale-village.fr\/blog\/wp-content\/uploads\/2024\/12\/escale-village.png\",\"contentUrl\":\"https:\/\/escale-village.fr\/blog\/wp-content\/uploads\/2024\/12\/escale-village.png\",\"width\":500,\"height\":500,\"caption\":\"Foretsensations.fr\"},\"image\":{\"@id\":\"https:\/\/escale-village.fr\/blog\/#\/schema\/logo\/image\/\"}}]}<\/script>\n<!-- \/ Yoast SEO Premium plugin. -->","yoast_head_json":{"title":"Wavrechain-sous-Faulx : Guide Village Nord","description":"Wavrechain-sous-Faulx est une petite commune fran\u00e7aise situ\u00e9e dans le d\u00e9partement du Nord. Si vous cherchez des informations pratiques sur ce village, que\u2026","robots":{"index":"index","follow":"follow","max-snippet":"max-snippet:-1","max-image-preview":"max-image-preview:large","max-video-preview":"max-video-preview:-1"},"canonical":"https:\/\/escale-village.fr\/blog\/articles\/wavrechain-sous-faulx\/","og_locale":"fr_FR","og_type":"article","og_title":"Wavrechain-sous-Faulx : Guide Village Nord","og_description":"Wavrechain-sous-Faulx est une petite commune fran\u00e7aise situ\u00e9e dans le d\u00e9partement du Nord. Si vous cherchez des informations pratiques sur ce village, que\u2026","og_url":"https:\/\/escale-village.fr\/blog\/articles\/wavrechain-sous-faulx\/","og_site_name":"escale-village","twitter_card":"summary_large_image","schema":{"@context":"https:\/\/schema.org","@graph":[{"@type":"NewsArticle","@id":"https:\/\/escale-village.fr\/blog\/articles\/wavrechain-sous-faulx\/#article","isPartOf":{"@id":"https:\/\/escale-village.fr\/blog\/articles\/wavrechain-sous-faulx\/"},"author":{"name":"","@id":""},"headline":"Wavrechain-sous-Faulx : Guide Village Nord","datePublished":"2025-12-23T09:00:00+00:00","mainEntityOfPage":{"@id":"https:\/\/escale-village.fr\/blog\/articles\/wavrechain-sous-faulx\/"},"wordCount":635,"commentCount":0,"publisher":{"@id":"https:\/\/escale-village.fr\/blog\/#organization"},"articleSection":["Articles"],"inLanguage":"fr-FR","potentialAction":[{"@type":"CommentAction","name":"Comment","target":["https:\/\/escale-village.fr\/blog\/articles\/wavrechain-sous-faulx\/#respond"]}]},{"@type":"WebPage","@id":"https:\/\/escale-village.fr\/blog\/articles\/wavrechain-sous-faulx\/","url":"https:\/\/escale-village.fr\/blog\/articles\/wavrechain-sous-faulx\/","name":"Wavrechain-sous-Faulx : Guide Village Nord","isPartOf":{"@id":"https:\/\/escale-village.fr\/blog\/#website"},"datePublished":"2025-12-23T09:00:00+00:00","description":"Wavrechain-sous-Faulx est une petite commune fran\u00e7aise situ\u00e9e dans le d\u00e9partement du Nord. Si vous cherchez des informations pratiques sur ce village, que\u2026","inLanguage":"fr-FR","potentialAction":[{"@type":"ReadAction","target":["https:\/\/escale-village.fr\/blog\/articles\/wavrechain-sous-faulx\/"]}]},{"@type":"WebSite","@id":"https:\/\/escale-village.fr\/blog\/#website","url":"https:\/\/escale-village.fr\/blog\/","name":"escale-village.fr","description":"Escale Village, la pause authentique en campagne","publisher":{"@id":"https:\/\/escale-village.fr\/blog\/#organization"},"alternateName":"Escale Village, la pause authentique en campagne","potentialAction":[{"@type":"SearchAction","target":{"@type":"EntryPoint","urlTemplate":"https:\/\/escale-village.fr\/blog\/?s={search_term_string}"},"query-input":{"@type":"PropertyValueSpecification","valueRequired":true,"valueName":"search_term_string"}}],"inLanguage":"fr-FR"},{"@type":"Organization","@id":"https:\/\/escale-village.fr\/blog\/#organization","name":"Foretsensations.fr","url":"https:\/\/escale-village.fr\/blog\/","logo":{"@type":"ImageObject","inLanguage":"fr-FR","@id":"https:\/\/escale-village.fr\/blog\/#\/schema\/logo\/image\/","url":"https:\/\/escale-village.fr\/blog\/wp-content\/uploads\/2024\/12\/escale-village.png","contentUrl":"https:\/\/escale-village.fr\/blog\/wp-content\/uploads\/2024\/12\/escale-village.png","width":500,"height":500,"caption":"Foretsensations.fr"},"image":{"@id":"https:\/\/escale-village.fr\/blog\/#\/schema\/logo\/image\/"}}]}},"_links":{"self":[{"href":"https:\/\/escale-village.fr\/blog\/wp-json\/wp\/v2\/posts\/7679","targetHints":{"allow":["GET"]}}],"collection":[{"href":"https:\/\/escale-village.fr\/blog\/wp-json\/wp\/v2\/posts"}],"about":[{"href":"https:\/\/escale-village.fr\/blog\/wp-json\/wp\/v2\/types\/post"}],"replies":[{"embeddable":true,"href":"https:\/\/escale-village.fr\/blog\/wp-json\/wp\/v2\/comments?post=7679"}],"version-history":[{"count":0,"href":"https:\/\/escale-village.fr\/blog\/wp-json\/wp\/v2\/posts\/7679\/revisions"}],"wp:attachment":[{"href":"https:\/\/escale-village.fr\/blog\/wp-json\/wp\/v2\/media?parent=7679"}],"wp:term":[{"taxonomy":"category","embeddable":true,"href":"https:\/\/escale-village.fr\/blog\/wp-json\/wp\/v2\/categories?post=7679"},{"taxonomy":"post_tag","embeddable":true,"href":"https:\/\/escale-village.fr\/blog\/wp-json\/wp\/v2\/tags?post=7679"}],"curies":[{"name":"wp","href":"https:\/\/api.w.org\/{rel}","templated":true}]}}