{"id":7683,"date":"2026-01-28T09:00:00","date_gmt":"2026-01-28T09:00:00","guid":{"rendered":"https:\/\/escale-village.fr\/blog\/articles\/le-village-de-la-mer\/"},"modified":"2026-01-28T09:00:00","modified_gmt":"2026-01-28T09:00:00","slug":"le-village-de-la-mer","status":"publish","type":"post","link":"https:\/\/escale-village.fr\/blog\/articles\/le-village-de-la-mer\/","title":{"rendered":"Village de la mer : Guide complet 2025"},"content":{"rendered":"<p>Le village de la mer est un projet ambitieux et unique en France, visant \u00e0 offrir un cadre de vie exceptionnel en harmonie avec la nature. Situ\u00e9 sur la c\u00f4te, ce village m\u00eale activit\u00e9s maritimes, r\u00e9sidences \u00e9cologiques et espaces de loisirs. Pour ceux qui cherchent \u00e0 comprendre ce concept innovant, cet article fournit des informations pratiques, des retours d\u2019exp\u00e9rience terrain et des conseils pour profiter pleinement de ce lieu exceptionnel.<\/p>\n<p>Dans cet article, vous d\u00e9couvrirez les caract\u00e9ristiques cl\u00e9s du village de la mer, ses offres d\u2019activit\u00e9s, ainsi que des t\u00e9moignages d\u2019habitants et de visiteurs. Vous trouverez \u00e9galement des conseils pour pr\u00e9parer votre visite ou envisager un investissement dans cette communaut\u00e9 maritime.<\/p>\n<h2>Qu\u2019est-ce que le village de la mer ?<\/h2>\n<p>Le village de la mer est un projet immobilier \u00e9coresponsable qui combine logements, commerces et espaces communautaires. Son objectif est de cr\u00e9er une communaut\u00e9 dynamique autour des th\u00e9matiques maritimes et \u00e9cologiques.<\/p>\n<h3>Localisation<\/h3>\n<p>Situ\u00e9 sur les c\u00f4tes bretonnes, par exemple pr\u00e8s de Concarneau, le village b\u00e9n\u00e9ficie d\u2019un environnement naturel pr\u00e9serv\u00e9. La proximit\u00e9 avec l\u2019oc\u00e9an Atlantique permet d\u2019acc\u00e9der facilement \u00e0 diverses activit\u00e9s nautiques.<\/p>\n<h3>Caract\u00e9ristiques<\/h3>\n<ul>\n<li><strong>R\u00e9sidences \u00e9cologiques<\/strong> : Construites avec des mat\u00e9riaux durables et respectueux de l\u2019environnement.<\/li>\n<li><strong>Commodit\u00e9s<\/strong> : Commerces locaux, march\u00e9s bio, restaurants proposant des produits frais.<\/li>\n<li><strong>Espaces communautaires<\/strong> : Parcs, jardins partag\u00e9s et lieux de rencontre pour favoriser les interactions entre r\u00e9sidents.<\/li>\n<\/ul>\n<h2>Activit\u00e9s propos\u00e9es<\/h2>\n<p>Le village de la mer offre une multitude d\u2019activit\u00e9s li\u00e9es \u00e0 l\u2019eau et \u00e0 la nature :<\/p>\n<ol>\n<li><strong>Sports nautiques<\/strong> : Voile, kayak, plong\u00e9e sous-marine.<\/li>\n<li><strong>Randonn\u00e9es<\/strong> : Sentiers c\u00f4tiers offrant des vues imprenables sur l\u2019oc\u00e9an.<\/li>\n<li><strong>\u00c9v\u00e9nements culturels<\/strong> : Festivals maritimes, expositions artistiques sur le th\u00e8me marin.<\/li>\n<\/ol>\n<h3>Exemples chiffr\u00e9s<\/h3>\n<ul>\n<li>En 2024, le village a accueilli plus de 15 000 visiteurs lors du festival maritime annuel.<\/li>\n<li>Selon une \u00e9tude locale, 80 % des habitants rapportent une am\u00e9lioration significative de leur qualit\u00e9 de vie depuis leur installation.<\/li>\n<\/ul>\n<h2>Retours d\u2019exp\u00e9rience terrain<\/h2>\n<p>Des t\u00e9moignages r\u00e9cents d\u2019habitants illustrent l\u2019attrait du village :<\/p>\n<ul>\n<li><strong>Marie, 34 ans<\/strong> : \u201cVivre ici a transform\u00e9 ma vie. J\u2019appr\u00e9cie la tranquillit\u00e9 tout en \u00e9tant proche des commodit\u00e9s.\u201d<\/li>\n<li><strong>Jean-Pierre, retrait\u00e9<\/strong> : \u201cLes activit\u00e9s propos\u00e9es sont vari\u00e9es. Mon petit-fils adore les cours de voile.\u201d<\/li>\n<\/ul>\n<p>Ces retours montrent que le village ne se limite pas \u00e0 un simple lieu r\u00e9sidentiel mais constitue un v\u00e9ritable mode de vie ax\u00e9 sur le bien-\u00eatre et l\u2019\u00e9cologie.<\/p>\n<h2>Pi\u00e8ges \u00e0 \u00e9viter<\/h2>\n<p>Lorsqu\u2019on envisage une visite ou un investissement dans le village de la mer, il est crucial d\u2019\u00e9viter certains pi\u00e8ges :<\/p>\n<ul>\n<li><strong>N\u00e9gliger les co\u00fbts annexes<\/strong> : Bien que les prix des logements soient attractifs (\u00e0 partir de 200 000 euros pour un T2), il faut prendre en compte les charges annuelles qui peuvent atteindre jusqu\u2019\u00e0 2 000 euros par an en moyenne pour les services communs.<\/li>\n<\/ul>\n<h2>Comment s\u2019y rendre ?<\/h2>\n<p>Pour visiter le village de la mer :<\/p>\n<ol>\n<li><strong>Transports en commun<\/strong> : Plusieurs lignes de bus desservent le site depuis les grandes villes environnantes.<\/li>\n<li><strong>Voiture personnelle<\/strong> : Acc\u00e8s facile par la route nationale N165.<\/li>\n<\/ol>\n<p>Il est recommand\u00e9 de planifier votre visite pendant les \u00e9v\u00e9nements sp\u00e9ciaux pour d\u00e9couvrir pleinement l\u2019atmosph\u00e8re conviviale du lieu.<\/p>\n<h2>Informations pratiques<\/h2>\n<table class=\"kwdbank-table\">\n<thead>\n<tr>\n<th>\u00c9l\u00e9ment<\/th>\n<th>D\u00e9tails<\/th>\n<\/tr>\n<\/thead>\n<tbody>\n<tr>\n<td>Meilleure p\u00e9riode<\/td>\n<td>Mai \u00e0 septembre<\/td>\n<\/tr>\n<tr>\n<td>Activit\u00e9s phares<\/td>\n<td>Plong\u00e9e sous-marine et randonn\u00e9e<\/td>\n<\/tr>\n<tr>\n<td>Acc\u00e8s<\/td>\n<td>Bus depuis Quimper ou voiture<\/td>\n<\/tr>\n<\/tbody>\n<\/table>\n<h2>FAQ<\/h2>\n<h3>Quelles sont les meilleures p\u00e9riodes pour visiter le village de la mer ?<\/h3>\n<p>La p\u00e9riode id\u00e9ale s\u2019\u00e9tend g\u00e9n\u00e9ralement entre mai et septembre pour profiter du climat doux et des nombreuses activit\u00e9s propos\u00e9es.<\/p>\n<h3>Peut-on acheter une r\u00e9sidence dans le village ?<\/h3>\n<p>Oui, plusieurs projets immobiliers sont disponibles \u00e0 l\u2019achat ou \u00e0 la location dans le cadre du d\u00e9veloppement durable du site.<\/p>\n<h3>Quels types d\u2019activit\u00e9s nautiques sont disponibles ?<\/h3>\n<p>Le village propose diverses activit\u00e9s telles que la voile, le kayak et m\u00eame des cours de plong\u00e9e sous-marine adapt\u00e9s aux d\u00e9butants comme aux confirm\u00e9s.<\/p>\n<h3>Y a-t-il des \u00e9v\u00e9nements culturels r\u00e9guliers ?<\/h3>\n<p>Oui, le village organise plusieurs \u00e9v\u00e9nements tout au long de l\u2019ann\u00e9e, notamment un festival maritime tr\u00e8s appr\u00e9ci\u00e9 chaque \u00e9t\u00e9.<\/p>\n<h3>Comment se renseigner davantage sur le projet ?<\/h3>\n<p>Il est conseill\u00e9 de visiter le site officiel du village ou leurs r\u00e9seaux sociaux pour obtenir les derni\u00e8res informations sur les \u00e9v\u00e9nements et les offres r\u00e9sidentielles.<\/p>\n<h3>Quelles sont les mesures \u00e9cologiques mises en place ?<\/h3>\n<p>Le projet met l\u2019accent sur l\u2019utilisation d\u2019\u00e9nergies renouvelables, le recyclage des eaux us\u00e9es et la promotion du transport doux comme le v\u00e9lo ou la marche \u00e0 pied.<\/p>\n<p>Explorez ce projet unique qui pourrait bien red\u00e9finir votre fa\u00e7on d\u2019envisager un cadre maritime harmonieux !<\/p>\n","protected":false},"excerpt":{"rendered":"","protected":false},"author":0,"featured_media":0,"comment_status":"open","ping_status":"open","sticky":false,"template":"","format":"standard","meta":{"_acf_changed":false,"manual_indexmenow":false,"indexmenow_id_project":0,"footnotes":""},"categories":[4744],"tags":[],"class_list":["post-7683","post","type-post","status-publish","format-standard","hentry","category-articles","generate-columns","tablet-grid-50","mobile-grid-100","grid-parent","grid-25"],"acf":[],"yoast_head":"<!-- This site is optimized with the Yoast SEO Premium plugin v21.3 (Yoast SEO v26.5) - https:\/\/yoast.com\/wordpress\/plugins\/seo\/ -->\n<title>Village de la mer : Guide complet 2025<\/title>\n<meta name=\"description\" content=\"Le village de la mer est un projet ambitieux et unique en France, visant \u00e0 offrir un cadre de vie exceptionnel en harmonie avec la nature. Situ\u00e9 sur la\u2026\" \/>\n<meta name=\"robots\" content=\"index, follow, max-snippet:-1, max-image-preview:large, max-video-preview:-1\" \/>\n<link rel=\"canonical\" href=\"https:\/\/escale-village.fr\/blog\/articles\/le-village-de-la-mer\/\" \/>\n<meta property=\"og:locale\" content=\"fr_FR\" \/>\n<meta property=\"og:type\" content=\"article\" \/>\n<meta property=\"og:title\" content=\"Village de la mer : Guide complet 2025\" \/>\n<meta property=\"og:description\" content=\"Le village de la mer est un projet ambitieux et unique en France, visant \u00e0 offrir un cadre de vie exceptionnel en harmonie avec la nature. Situ\u00e9 sur la\u2026\" \/>\n<meta property=\"og:url\" content=\"https:\/\/escale-village.fr\/blog\/articles\/le-village-de-la-mer\/\" \/>\n<meta property=\"og:site_name\" content=\"escale-village\" \/>\n<meta name=\"twitter:card\" content=\"summary_large_image\" \/>\n<script type=\"application\/ld+json\" class=\"yoast-schema-graph\">{\"@context\":\"https:\/\/schema.org\",\"@graph\":[{\"@type\":\"NewsArticle\",\"@id\":\"https:\/\/escale-village.fr\/blog\/articles\/le-village-de-la-mer\/#article\",\"isPartOf\":{\"@id\":\"https:\/\/escale-village.fr\/blog\/articles\/le-village-de-la-mer\/\"},\"author\":{\"name\":\"\",\"@id\":\"\"},\"headline\":\"Village de la mer : Guide complet 2025\",\"datePublished\":\"2026-01-28T09:00:00+00:00\",\"mainEntityOfPage\":{\"@id\":\"https:\/\/escale-village.fr\/blog\/articles\/le-village-de-la-mer\/\"},\"wordCount\":813,\"commentCount\":0,\"publisher\":{\"@id\":\"https:\/\/escale-village.fr\/blog\/#organization\"},\"articleSection\":[\"Articles\"],\"inLanguage\":\"fr-FR\",\"potentialAction\":[{\"@type\":\"CommentAction\",\"name\":\"Comment\",\"target\":[\"https:\/\/escale-village.fr\/blog\/articles\/le-village-de-la-mer\/#respond\"]}]},{\"@type\":\"WebPage\",\"@id\":\"https:\/\/escale-village.fr\/blog\/articles\/le-village-de-la-mer\/\",\"url\":\"https:\/\/escale-village.fr\/blog\/articles\/le-village-de-la-mer\/\",\"name\":\"Village de la mer : Guide complet 2025\",\"isPartOf\":{\"@id\":\"https:\/\/escale-village.fr\/blog\/#website\"},\"datePublished\":\"2026-01-28T09:00:00+00:00\",\"description\":\"Le village de la mer est un projet ambitieux et unique en France, visant \u00e0 offrir un cadre de vie exceptionnel en harmonie avec la nature. Situ\u00e9 sur la\u2026\",\"inLanguage\":\"fr-FR\",\"potentialAction\":[{\"@type\":\"ReadAction\",\"target\":[\"https:\/\/escale-village.fr\/blog\/articles\/le-village-de-la-mer\/\"]}]},{\"@type\":\"WebSite\",\"@id\":\"https:\/\/escale-village.fr\/blog\/#website\",\"url\":\"https:\/\/escale-village.fr\/blog\/\",\"name\":\"escale-village.fr\",\"description\":\"Escale Village, la pause authentique en campagne\",\"publisher\":{\"@id\":\"https:\/\/escale-village.fr\/blog\/#organization\"},\"alternateName\":\"Escale Village, la pause authentique en campagne\",\"potentialAction\":[{\"@type\":\"SearchAction\",\"target\":{\"@type\":\"EntryPoint\",\"urlTemplate\":\"https:\/\/escale-village.fr\/blog\/?s={search_term_string}\"},\"query-input\":{\"@type\":\"PropertyValueSpecification\",\"valueRequired\":true,\"valueName\":\"search_term_string\"}}],\"inLanguage\":\"fr-FR\"},{\"@type\":\"Organization\",\"@id\":\"https:\/\/escale-village.fr\/blog\/#organization\",\"name\":\"Foretsensations.fr\",\"url\":\"https:\/\/escale-village.fr\/blog\/\",\"logo\":{\"@type\":\"ImageObject\",\"inLanguage\":\"fr-FR\",\"@id\":\"https:\/\/escale-village.fr\/blog\/#\/schema\/logo\/image\/\",\"url\":\"https:\/\/escale-village.fr\/blog\/wp-content\/uploads\/2024\/12\/escale-village.png\",\"contentUrl\":\"https:\/\/escale-village.fr\/blog\/wp-content\/uploads\/2024\/12\/escale-village.png\",\"width\":500,\"height\":500,\"caption\":\"Foretsensations.fr\"},\"image\":{\"@id\":\"https:\/\/escale-village.fr\/blog\/#\/schema\/logo\/image\/\"}}]}<\/script>\n<!-- \/ Yoast SEO Premium plugin. -->","yoast_head_json":{"title":"Village de la mer : Guide complet 2025","description":"Le village de la mer est un projet ambitieux et unique en France, visant \u00e0 offrir un cadre de vie exceptionnel en harmonie avec la nature. Situ\u00e9 sur la\u2026","robots":{"index":"index","follow":"follow","max-snippet":"max-snippet:-1","max-image-preview":"max-image-preview:large","max-video-preview":"max-video-preview:-1"},"canonical":"https:\/\/escale-village.fr\/blog\/articles\/le-village-de-la-mer\/","og_locale":"fr_FR","og_type":"article","og_title":"Village de la mer : Guide complet 2025","og_description":"Le village de la mer est un projet ambitieux et unique en France, visant \u00e0 offrir un cadre de vie exceptionnel en harmonie avec la nature. Situ\u00e9 sur la\u2026","og_url":"https:\/\/escale-village.fr\/blog\/articles\/le-village-de-la-mer\/","og_site_name":"escale-village","twitter_card":"summary_large_image","schema":{"@context":"https:\/\/schema.org","@graph":[{"@type":"NewsArticle","@id":"https:\/\/escale-village.fr\/blog\/articles\/le-village-de-la-mer\/#article","isPartOf":{"@id":"https:\/\/escale-village.fr\/blog\/articles\/le-village-de-la-mer\/"},"author":{"name":"","@id":""},"headline":"Village de la mer : Guide complet 2025","datePublished":"2026-01-28T09:00:00+00:00","mainEntityOfPage":{"@id":"https:\/\/escale-village.fr\/blog\/articles\/le-village-de-la-mer\/"},"wordCount":813,"commentCount":0,"publisher":{"@id":"https:\/\/escale-village.fr\/blog\/#organization"},"articleSection":["Articles"],"inLanguage":"fr-FR","potentialAction":[{"@type":"CommentAction","name":"Comment","target":["https:\/\/escale-village.fr\/blog\/articles\/le-village-de-la-mer\/#respond"]}]},{"@type":"WebPage","@id":"https:\/\/escale-village.fr\/blog\/articles\/le-village-de-la-mer\/","url":"https:\/\/escale-village.fr\/blog\/articles\/le-village-de-la-mer\/","name":"Village de la mer : Guide complet 2025","isPartOf":{"@id":"https:\/\/escale-village.fr\/blog\/#website"},"datePublished":"2026-01-28T09:00:00+00:00","description":"Le village de la mer est un projet ambitieux et unique en France, visant \u00e0 offrir un cadre de vie exceptionnel en harmonie avec la nature. Situ\u00e9 sur la\u2026","inLanguage":"fr-FR","potentialAction":[{"@type":"ReadAction","target":["https:\/\/escale-village.fr\/blog\/articles\/le-village-de-la-mer\/"]}]},{"@type":"WebSite","@id":"https:\/\/escale-village.fr\/blog\/#website","url":"https:\/\/escale-village.fr\/blog\/","name":"escale-village.fr","description":"Escale Village, la pause authentique en campagne","publisher":{"@id":"https:\/\/escale-village.fr\/blog\/#organization"},"alternateName":"Escale Village, la pause authentique en campagne","potentialAction":[{"@type":"SearchAction","target":{"@type":"EntryPoint","urlTemplate":"https:\/\/escale-village.fr\/blog\/?s={search_term_string}"},"query-input":{"@type":"PropertyValueSpecification","valueRequired":true,"valueName":"search_term_string"}}],"inLanguage":"fr-FR"},{"@type":"Organization","@id":"https:\/\/escale-village.fr\/blog\/#organization","name":"Foretsensations.fr","url":"https:\/\/escale-village.fr\/blog\/","logo":{"@type":"ImageObject","inLanguage":"fr-FR","@id":"https:\/\/escale-village.fr\/blog\/#\/schema\/logo\/image\/","url":"https:\/\/escale-village.fr\/blog\/wp-content\/uploads\/2024\/12\/escale-village.png","contentUrl":"https:\/\/escale-village.fr\/blog\/wp-content\/uploads\/2024\/12\/escale-village.png","width":500,"height":500,"caption":"Foretsensations.fr"},"image":{"@id":"https:\/\/escale-village.fr\/blog\/#\/schema\/logo\/image\/"}}]}},"_links":{"self":[{"href":"https:\/\/escale-village.fr\/blog\/wp-json\/wp\/v2\/posts\/7683","targetHints":{"allow":["GET"]}}],"collection":[{"href":"https:\/\/escale-village.fr\/blog\/wp-json\/wp\/v2\/posts"}],"about":[{"href":"https:\/\/escale-village.fr\/blog\/wp-json\/wp\/v2\/types\/post"}],"replies":[{"embeddable":true,"href":"https:\/\/escale-village.fr\/blog\/wp-json\/wp\/v2\/comments?post=7683"}],"version-history":[{"count":0,"href":"https:\/\/escale-village.fr\/blog\/wp-json\/wp\/v2\/posts\/7683\/revisions"}],"wp:attachment":[{"href":"https:\/\/escale-village.fr\/blog\/wp-json\/wp\/v2\/media?parent=7683"}],"wp:term":[{"taxonomy":"category","embeddable":true,"href":"https:\/\/escale-village.fr\/blog\/wp-json\/wp\/v2\/categories?post=7683"},{"taxonomy":"post_tag","embeddable":true,"href":"https:\/\/escale-village.fr\/blog\/wp-json\/wp\/v2\/tags?post=7683"}],"curies":[{"name":"wp","href":"https:\/\/api.w.org\/{rel}","templated":true}]}}