{"id":7691,"date":"2026-04-07T09:00:00","date_gmt":"2026-04-07T09:00:00","guid":{"rendered":"https:\/\/escale-village.fr\/blog\/articles\/l-escale-la-verpilliere\/"},"modified":"2026-04-07T09:00:00","modified_gmt":"2026-04-07T09:00:00","slug":"l-escale-la-verpilliere","status":"publish","type":"post","link":"https:\/\/escale-village.fr\/blog\/articles\/l-escale-la-verpilliere\/","title":{"rendered":"L&rsquo;Escale Verpilli\u00e8re : Guide et Horaires"},"content":{"rendered":"<p>L\u2019Escale Verpilli\u00e8re est un lieu incontournable pour les habitants et visiteurs de la commune de La Verpilli\u00e8re, situ\u00e9e dans l\u2019Is\u00e8re. Cet espace convivial propose diverses activit\u00e9s culturelles, sportives et de loisirs. Si vous recherchez des informations pratiques sur cet \u00e9tablissement, y compris ses horaires d\u2019ouverture et les activit\u00e9s propos\u00e9es, vous \u00eates au bon endroit. Cet article vous guidera \u00e0 travers les sp\u00e9cificit\u00e9s de l\u2019Escale Verpilli\u00e8re.<\/p>\n<h2>Pr\u00e9sentation de l\u2019Escale Verpilli\u00e8re<\/h2>\n<h3>Qu\u2019est-ce que l\u2019Escale Verpilli\u00e8re ?<\/h3>\n<p>L\u2019Escale Verpilli\u00e8re est un centre culturel et sportif qui offre une vari\u00e9t\u00e9 d\u2019activit\u00e9s pour tous les \u00e2ges. C\u2019est un lieu de rencontre pour les habitants, o\u00f9 se d\u00e9roulent des \u00e9v\u00e9nements tels que des concerts, des expositions artistiques, ainsi que des cours et des ateliers. Avec une superficie de 1 500 m\u00b2, cet espace est adapt\u00e9 \u00e0 diverses manifestations.<\/p>\n<h3>Activit\u00e9s propos\u00e9es<\/h3>\n<p>Les activit\u00e9s \u00e0 l\u2019Escale sont vari\u00e9es :<\/p>\n<ul>\n<li><strong>Culture<\/strong> : Expositions d\u2019artistes locaux, projections de films, spectacles vivants.<\/li>\n<li><strong>Sport<\/strong> : Cours de danse, yoga, arts martiaux.<\/li>\n<li><strong>Loisirs<\/strong> : Ateliers cr\u00e9atifs pour enfants et adultes.<\/li>\n<\/ul>\n<p>En 2023, plus de 200 \u00e9v\u00e9nements ont \u00e9t\u00e9 organis\u00e9s, attirant pr\u00e8s de 10 000 visiteurs.<\/p>\n<h2>Horaires d\u2019ouverture<\/h2>\n<h3>Jours et heures<\/h3>\n<p>Voici un tableau r\u00e9capitulatif des horaires d\u2019ouverture :<\/p>\n<table class=\"kwdbank-table\">\n<thead>\n<tr>\n<th>Jour<\/th>\n<th>Horaire<\/th>\n<\/tr>\n<\/thead>\n<tbody>\n<tr>\n<td>Lundi<\/td>\n<td>14h00 &#8211; 18h00<\/td>\n<\/tr>\n<tr>\n<td>Mardi<\/td>\n<td>10h00 &#8211; 12h00 \/ 14h00 &#8211; 18h00<\/td>\n<\/tr>\n<tr>\n<td>Mercredi<\/td>\n<td>10h00 &#8211; 12h00 \/ 14h00 &#8211; 18h00<\/td>\n<\/tr>\n<tr>\n<td>Jeudi<\/td>\n<td>10h00 &#8211; 12h00 \/ 14h00 &#8211; 20h00<\/td>\n<\/tr>\n<tr>\n<td>Vendredi<\/td>\n<td>10h00 &#8211; 12h00 \/ 14h00 &#8211; 18h00<\/td>\n<\/tr>\n<tr>\n<td>Samedi<\/td>\n<td>Variable (\u00e9v\u00e9nements)<\/td>\n<\/tr>\n<tr>\n<td>Dimanche<\/td>\n<td>Ferm\u00e9<\/td>\n<\/tr>\n<\/tbody>\n<\/table>\n<p>Les horaires peuvent varier en fonction des \u00e9v\u00e9nements programm\u00e9s. Il est donc conseill\u00e9 de consulter le site officiel pour les informations \u00e0 jour.<\/p>\n<h2>Acc\u00e8s \u00e0 l\u2019Escale Verpilli\u00e8re<\/h2>\n<h3>Comment s\u2019y rendre ?<\/h3>\n<p>L\u2019Escale est facilement accessible en voiture ou en transports en commun :<\/p>\n<ul>\n<li><strong>En voiture<\/strong> : Situ\u00e9e pr\u00e8s de la sortie d\u2019autoroute A43.<\/li>\n<li><strong>En transports en commun<\/strong> : Plusieurs lignes de bus desservent la commune. La ligne C1 relie La Verpilli\u00e8re \u00e0 Lyon en environ 45 minutes.<\/li>\n<\/ul>\n<h3>Stationnement<\/h3>\n<p>Un parking gratuit est disponible \u00e0 proximit\u00e9, mais il peut \u00eatre satur\u00e9 lors des \u00e9v\u00e9nements populaires. Pr\u00e9voyez d\u2019arriver t\u00f4t si vous assistez \u00e0 un concert ou \u00e0 une exposition tr\u00e8s fr\u00e9quent\u00e9e.<\/p>\n<h2>\u00c9v\u00e9nements phares<\/h2>\n<p>L\u2019Escale organise plusieurs \u00e9v\u00e9nements marquants tout au long de l\u2019ann\u00e9e :<\/p>\n<ul>\n<li><strong>Festival des Arts<\/strong> (juin) : Un mois entier d\u00e9di\u00e9 aux artistes locaux avec expositions et performances.<\/li>\n<li><strong>F\u00eate du Sport<\/strong> (septembre) : D\u00e9couverte gratuite des diff\u00e9rentes disciplines sportives propos\u00e9es dans la r\u00e9gion.<\/li>\n<\/ul>\n<p>Ces \u00e9v\u00e9nements attirent g\u00e9n\u00e9ralement entre 1 000 et 3 000 visiteurs par \u00e9dition.<\/p>\n<h2>Pi\u00e8ges \u00e0 \u00e9viter<\/h2>\n<p>Un pi\u00e8ge courant est de ne pas v\u00e9rifier les horaires avant votre visite. Les horaires peuvent changer selon les saisons ou les \u00e9v\u00e9nements sp\u00e9ciaux. Assurez-vous \u00e9galement de r\u00e9server vos places pour certains spectacles qui peuvent afficher complet rapidement.<\/p>\n<h2>Conseils pratiques<\/h2>\n<p>Pour profiter au mieux de votre visite \u00e0 l\u2019Escale Verpilli\u00e8re :<\/p>\n<ul>\n<li><strong>R\u00e9servez \u00e0 l\u2019avance<\/strong> pour les \u00e9v\u00e9nements populaires.<\/li>\n<li><strong>Consultez le calendrier sur le site officiel<\/strong> pour conna\u00eetre tous les ateliers disponibles.<\/li>\n<li><strong>Suivez-les sur les r\u00e9seaux sociaux<\/strong> pour rester inform\u00e9 des derni\u00e8res actualit\u00e9s et \u00e9v\u00e9nements.<\/li>\n<\/ul>\n<h2>FAQ<\/h2>\n<h3>Quels types d\u2019\u00e9v\u00e9nements sont organis\u00e9s \u00e0 l\u2019Escale Verpilli\u00e8re ?<\/h3>\n<p>L\u2019Escale organise principalement des concerts, des expositions artistiques et des ateliers vari\u00e9s pour tous les \u00e2ges.<\/p>\n<h3>Y a-t-il un restaurant ou un caf\u00e9 sur place ?<\/h3>\n<p>Oui, un caf\u00e9 propose des collations et boissons pendant les heures d\u2019ouverture.<\/p>\n<h3>Faut-il payer pour entrer dans l\u2019Escale ?<\/h3>\n<p>L\u2019acc\u00e8s aux installations est g\u00e9n\u00e9ralement gratuit, mais certains \u00e9v\u00e9nements peuvent n\u00e9cessiter un billet payant.<\/p>\n<h3>L\u2019Escale est-elle accessible aux personnes \u00e0 mobilit\u00e9 r\u00e9duite ?<\/h3>\n<p>Oui, toutes les installations sont accessibles aux personnes handicap\u00e9es.<\/p>\n<h3>Quelles sont les mesures sanitaires mises en place ?<\/h3>\n<p>Des mesures peuvent \u00eatre appliqu\u00e9es en fonction des recommandations gouvernementales ; il est conseill\u00e9 de v\u00e9rifier avant votre visite.<\/p>\n<h3>Comment puis-je m\u2019inscrire aux ateliers propos\u00e9s ?<\/h3>\n<p>Les inscriptions se font g\u00e9n\u00e9ralement via le site officiel ou directement sur place pendant les heures d\u2019ouverture.<\/p>\n","protected":false},"excerpt":{"rendered":"","protected":false},"author":0,"featured_media":0,"comment_status":"open","ping_status":"open","sticky":false,"template":"","format":"standard","meta":{"_acf_changed":false,"manual_indexmenow":false,"indexmenow_id_project":0,"footnotes":""},"categories":[4744],"tags":[],"class_list":["post-7691","post","type-post","status-publish","format-standard","hentry","category-articles","generate-columns","tablet-grid-50","mobile-grid-100","grid-parent","grid-25"],"acf":[],"yoast_head":"<!-- This site is optimized with the Yoast SEO Premium plugin v21.3 (Yoast SEO v26.5) - https:\/\/yoast.com\/wordpress\/plugins\/seo\/ -->\n<title>L&#039;Escale Verpilli\u00e8re : Guide et Horaires<\/title>\n<meta name=\"description\" content=\"L&#039;Escale Verpilli\u00e8re est un lieu incontournable pour les habitants et visiteurs de la commune de La Verpilli\u00e8re, situ\u00e9e dans l&#039;Is\u00e8re. Cet espace convivial\u2026\" \/>\n<meta name=\"robots\" content=\"index, follow, max-snippet:-1, max-image-preview:large, max-video-preview:-1\" \/>\n<link rel=\"canonical\" href=\"https:\/\/escale-village.fr\/blog\/articles\/l-escale-la-verpilliere\/\" \/>\n<meta property=\"og:locale\" content=\"fr_FR\" \/>\n<meta property=\"og:type\" content=\"article\" \/>\n<meta property=\"og:title\" content=\"L&#039;Escale Verpilli\u00e8re : Guide et Horaires\" \/>\n<meta property=\"og:description\" content=\"L&#039;Escale Verpilli\u00e8re est un lieu incontournable pour les habitants et visiteurs de la commune de La Verpilli\u00e8re, situ\u00e9e dans l&#039;Is\u00e8re. Cet espace convivial\u2026\" \/>\n<meta property=\"og:url\" content=\"https:\/\/escale-village.fr\/blog\/articles\/l-escale-la-verpilliere\/\" \/>\n<meta property=\"og:site_name\" content=\"escale-village\" \/>\n<meta name=\"twitter:card\" content=\"summary_large_image\" \/>\n<script type=\"application\/ld+json\" class=\"yoast-schema-graph\">{\"@context\":\"https:\/\/schema.org\",\"@graph\":[{\"@type\":\"NewsArticle\",\"@id\":\"https:\/\/escale-village.fr\/blog\/articles\/l-escale-la-verpilliere\/#article\",\"isPartOf\":{\"@id\":\"https:\/\/escale-village.fr\/blog\/articles\/l-escale-la-verpilliere\/\"},\"author\":{\"name\":\"\",\"@id\":\"\"},\"headline\":\"L&rsquo;Escale Verpilli\u00e8re : Guide et Horaires\",\"datePublished\":\"2026-04-07T09:00:00+00:00\",\"mainEntityOfPage\":{\"@id\":\"https:\/\/escale-village.fr\/blog\/articles\/l-escale-la-verpilliere\/\"},\"wordCount\":702,\"commentCount\":0,\"publisher\":{\"@id\":\"https:\/\/escale-village.fr\/blog\/#organization\"},\"articleSection\":[\"Articles\"],\"inLanguage\":\"fr-FR\",\"potentialAction\":[{\"@type\":\"CommentAction\",\"name\":\"Comment\",\"target\":[\"https:\/\/escale-village.fr\/blog\/articles\/l-escale-la-verpilliere\/#respond\"]}]},{\"@type\":\"WebPage\",\"@id\":\"https:\/\/escale-village.fr\/blog\/articles\/l-escale-la-verpilliere\/\",\"url\":\"https:\/\/escale-village.fr\/blog\/articles\/l-escale-la-verpilliere\/\",\"name\":\"L'Escale Verpilli\u00e8re : Guide et Horaires\",\"isPartOf\":{\"@id\":\"https:\/\/escale-village.fr\/blog\/#website\"},\"datePublished\":\"2026-04-07T09:00:00+00:00\",\"description\":\"L'Escale Verpilli\u00e8re est un lieu incontournable pour les habitants et visiteurs de la commune de La Verpilli\u00e8re, situ\u00e9e dans l'Is\u00e8re. Cet espace convivial\u2026\",\"inLanguage\":\"fr-FR\",\"potentialAction\":[{\"@type\":\"ReadAction\",\"target\":[\"https:\/\/escale-village.fr\/blog\/articles\/l-escale-la-verpilliere\/\"]}]},{\"@type\":\"WebSite\",\"@id\":\"https:\/\/escale-village.fr\/blog\/#website\",\"url\":\"https:\/\/escale-village.fr\/blog\/\",\"name\":\"escale-village.fr\",\"description\":\"Escale Village, la pause authentique en campagne\",\"publisher\":{\"@id\":\"https:\/\/escale-village.fr\/blog\/#organization\"},\"alternateName\":\"Escale Village, la pause authentique en campagne\",\"potentialAction\":[{\"@type\":\"SearchAction\",\"target\":{\"@type\":\"EntryPoint\",\"urlTemplate\":\"https:\/\/escale-village.fr\/blog\/?s={search_term_string}\"},\"query-input\":{\"@type\":\"PropertyValueSpecification\",\"valueRequired\":true,\"valueName\":\"search_term_string\"}}],\"inLanguage\":\"fr-FR\"},{\"@type\":\"Organization\",\"@id\":\"https:\/\/escale-village.fr\/blog\/#organization\",\"name\":\"Foretsensations.fr\",\"url\":\"https:\/\/escale-village.fr\/blog\/\",\"logo\":{\"@type\":\"ImageObject\",\"inLanguage\":\"fr-FR\",\"@id\":\"https:\/\/escale-village.fr\/blog\/#\/schema\/logo\/image\/\",\"url\":\"https:\/\/escale-village.fr\/blog\/wp-content\/uploads\/2024\/12\/escale-village.png\",\"contentUrl\":\"https:\/\/escale-village.fr\/blog\/wp-content\/uploads\/2024\/12\/escale-village.png\",\"width\":500,\"height\":500,\"caption\":\"Foretsensations.fr\"},\"image\":{\"@id\":\"https:\/\/escale-village.fr\/blog\/#\/schema\/logo\/image\/\"}}]}<\/script>\n<!-- \/ Yoast SEO Premium plugin. -->","yoast_head_json":{"title":"L'Escale Verpilli\u00e8re : Guide et Horaires","description":"L'Escale Verpilli\u00e8re est un lieu incontournable pour les habitants et visiteurs de la commune de La Verpilli\u00e8re, situ\u00e9e dans l'Is\u00e8re. Cet espace convivial\u2026","robots":{"index":"index","follow":"follow","max-snippet":"max-snippet:-1","max-image-preview":"max-image-preview:large","max-video-preview":"max-video-preview:-1"},"canonical":"https:\/\/escale-village.fr\/blog\/articles\/l-escale-la-verpilliere\/","og_locale":"fr_FR","og_type":"article","og_title":"L'Escale Verpilli\u00e8re : Guide et Horaires","og_description":"L'Escale Verpilli\u00e8re est un lieu incontournable pour les habitants et visiteurs de la commune de La Verpilli\u00e8re, situ\u00e9e dans l'Is\u00e8re. Cet espace convivial\u2026","og_url":"https:\/\/escale-village.fr\/blog\/articles\/l-escale-la-verpilliere\/","og_site_name":"escale-village","twitter_card":"summary_large_image","schema":{"@context":"https:\/\/schema.org","@graph":[{"@type":"NewsArticle","@id":"https:\/\/escale-village.fr\/blog\/articles\/l-escale-la-verpilliere\/#article","isPartOf":{"@id":"https:\/\/escale-village.fr\/blog\/articles\/l-escale-la-verpilliere\/"},"author":{"name":"","@id":""},"headline":"L&rsquo;Escale Verpilli\u00e8re : Guide et Horaires","datePublished":"2026-04-07T09:00:00+00:00","mainEntityOfPage":{"@id":"https:\/\/escale-village.fr\/blog\/articles\/l-escale-la-verpilliere\/"},"wordCount":702,"commentCount":0,"publisher":{"@id":"https:\/\/escale-village.fr\/blog\/#organization"},"articleSection":["Articles"],"inLanguage":"fr-FR","potentialAction":[{"@type":"CommentAction","name":"Comment","target":["https:\/\/escale-village.fr\/blog\/articles\/l-escale-la-verpilliere\/#respond"]}]},{"@type":"WebPage","@id":"https:\/\/escale-village.fr\/blog\/articles\/l-escale-la-verpilliere\/","url":"https:\/\/escale-village.fr\/blog\/articles\/l-escale-la-verpilliere\/","name":"L'Escale Verpilli\u00e8re : Guide et Horaires","isPartOf":{"@id":"https:\/\/escale-village.fr\/blog\/#website"},"datePublished":"2026-04-07T09:00:00+00:00","description":"L'Escale Verpilli\u00e8re est un lieu incontournable pour les habitants et visiteurs de la commune de La Verpilli\u00e8re, situ\u00e9e dans l'Is\u00e8re. Cet espace convivial\u2026","inLanguage":"fr-FR","potentialAction":[{"@type":"ReadAction","target":["https:\/\/escale-village.fr\/blog\/articles\/l-escale-la-verpilliere\/"]}]},{"@type":"WebSite","@id":"https:\/\/escale-village.fr\/blog\/#website","url":"https:\/\/escale-village.fr\/blog\/","name":"escale-village.fr","description":"Escale Village, la pause authentique en campagne","publisher":{"@id":"https:\/\/escale-village.fr\/blog\/#organization"},"alternateName":"Escale Village, la pause authentique en campagne","potentialAction":[{"@type":"SearchAction","target":{"@type":"EntryPoint","urlTemplate":"https:\/\/escale-village.fr\/blog\/?s={search_term_string}"},"query-input":{"@type":"PropertyValueSpecification","valueRequired":true,"valueName":"search_term_string"}}],"inLanguage":"fr-FR"},{"@type":"Organization","@id":"https:\/\/escale-village.fr\/blog\/#organization","name":"Foretsensations.fr","url":"https:\/\/escale-village.fr\/blog\/","logo":{"@type":"ImageObject","inLanguage":"fr-FR","@id":"https:\/\/escale-village.fr\/blog\/#\/schema\/logo\/image\/","url":"https:\/\/escale-village.fr\/blog\/wp-content\/uploads\/2024\/12\/escale-village.png","contentUrl":"https:\/\/escale-village.fr\/blog\/wp-content\/uploads\/2024\/12\/escale-village.png","width":500,"height":500,"caption":"Foretsensations.fr"},"image":{"@id":"https:\/\/escale-village.fr\/blog\/#\/schema\/logo\/image\/"}}]}},"_links":{"self":[{"href":"https:\/\/escale-village.fr\/blog\/wp-json\/wp\/v2\/posts\/7691","targetHints":{"allow":["GET"]}}],"collection":[{"href":"https:\/\/escale-village.fr\/blog\/wp-json\/wp\/v2\/posts"}],"about":[{"href":"https:\/\/escale-village.fr\/blog\/wp-json\/wp\/v2\/types\/post"}],"replies":[{"embeddable":true,"href":"https:\/\/escale-village.fr\/blog\/wp-json\/wp\/v2\/comments?post=7691"}],"version-history":[{"count":0,"href":"https:\/\/escale-village.fr\/blog\/wp-json\/wp\/v2\/posts\/7691\/revisions"}],"wp:attachment":[{"href":"https:\/\/escale-village.fr\/blog\/wp-json\/wp\/v2\/media?parent=7691"}],"wp:term":[{"taxonomy":"category","embeddable":true,"href":"https:\/\/escale-village.fr\/blog\/wp-json\/wp\/v2\/categories?post=7691"},{"taxonomy":"post_tag","embeddable":true,"href":"https:\/\/escale-village.fr\/blog\/wp-json\/wp\/v2\/tags?post=7691"}],"curies":[{"name":"wp","href":"https:\/\/api.w.org\/{rel}","templated":true}]}}